{"id":199,"date":"2011-10-30T23:34:51","date_gmt":"2011-10-30T23:34:51","guid":{"rendered":"http:\/\/www.plurinominal.com.mx\/?p=199"},"modified":"2011-11-05T23:35:23","modified_gmt":"2011-11-05T23:35:23","slug":"20-viviendas-para-el-programa-%e2%80%9cpie-de-casa%e2%80%9d","status":"publish","type":"post","link":"https:\/\/www.plurinominal.com.mx\/?p=199","title":{"rendered":"20 viviendas para el programa \u201cPie de Casa\u201d"},"content":{"rendered":"<p>\u201cYa fueron elegidos los beneficiarios\u201d, mencion\u00f3 Izaguirre Ruiz<\/p>\n<p>Corresponsales<br \/>\nPara fortalecer al programa \u201cPie de casa\u201d, la Coordinaci\u00f3n de Desarrollo Social pudo gestionar la liberaci\u00f3n del recurso con el que se construir\u00e1n 20 viviendas.<br \/>\nAs\u00ed lo inform\u00f3 Javier Izaguirre Ruiz, quien expuso que ya fueron elegidos los beneficiarios por la Secretar\u00eda de Desarrollo Social.<br \/>\nSon 20 personas las que podr\u00e1n ingresar al programa. Las construcciones ser\u00e1n r\u00fasticas, pero no por ello dejan de ser un significativo avance para ayudar a grupos de menesterosos.<br \/>\nLa propuesta fue presentada por el mismo departamento que encabeza Izaguirre Ruiz, que consisti\u00f3 en una lista de personas de escasos recursos. Luego inici\u00f3 el procedimiento para aprobar a los favorecidos.<br \/>\nAunque ya se liber\u00f3 el recurso, se ignora la fecha exacta en que dar\u00e1n inicio los trabajos.<\/p>\n","protected":false},"excerpt":{"rendered":"<p>\u201cYa fueron elegidos los beneficiarios\u201d, mencion\u00f3 Izaguirre Ruiz Corresponsales Para fortalecer al programa \u201cPie de casa\u201d, la Coordinaci\u00f3n de Desarrollo Social pudo gestionar la liberaci\u00f3n del recurso con el que&#8230;<\/p>\n","protected":false},"author":1,"featured_media":0,"comment_status":"closed","ping_status":"open","sticky":false,"template":"","format":"standard","meta":{"footnotes":""},"categories":[3],"tags":[147,148],"class_list":["post-199","post","type-post","status-publish","format-standard","hentry","category-cerritos","tag-desarrollo-social","tag-pie-de-casa","entry","simple"],"_links":{"self":[{"href":"https:\/\/www.plurinominal.com.mx\/index.php?rest_route=\/wp\/v2\/posts\/199","targetHints":{"allow":["GET"]}}],"collection":[{"href":"https:\/\/www.plurinominal.com.mx\/index.php?rest_route=\/wp\/v2\/posts"}],"about":[{"href":"https:\/\/www.plurinominal.com.mx\/index.php?rest_route=\/wp\/v2\/types\/post"}],"author":[{"embeddable":true,"href":"https:\/\/www.plurinominal.com.mx\/index.php?rest_route=\/wp\/v2\/users\/1"}],"replies":[{"embeddable":true,"href":"https:\/\/www.plurinominal.com.mx\/index.php?rest_route=%2Fwp%2Fv2%2Fcomments&post=199"}],"version-history":[{"count":0,"href":"https:\/\/www.plurinominal.com.mx\/index.php?rest_route=\/wp\/v2\/posts\/199\/revisions"}],"wp:attachment":[{"href":"https:\/\/www.plurinominal.com.mx\/index.php?rest_route=%2Fwp%2Fv2%2Fmedia&parent=199"}],"wp:term":[{"taxonomy":"category","embeddable":true,"href":"https:\/\/www.plurinominal.com.mx\/index.php?rest_route=%2Fwp%2Fv2%2Fcategories&post=199"},{"taxonomy":"post_tag","embeddable":true,"href":"https:\/\/www.plurinominal.com.mx\/index.php?rest_route=%2Fwp%2Fv2%2Ftags&post=199"}],"curies":[{"name":"wp","href":"https:\/\/api.w.org\/{rel}","templated":true}]}}