{"id":19962,"date":"2024-05-01T18:12:38","date_gmt":"2024-05-01T23:12:38","guid":{"rendered":"https:\/\/www.plurinominal.com.mx\/?p=19962"},"modified":"2024-05-04T18:14:44","modified_gmt":"2024-05-04T23:14:44","slug":"talento-cerritense-brilla-en-concierto-de-pequenos-grandes-musicos","status":"publish","type":"post","link":"https:\/\/www.plurinominal.com.mx\/?p=19962","title":{"rendered":"Talento cerritense brilla en concierto de \u00abPeque\u00f1os Grandes M\u00fasicos\u00bb"},"content":{"rendered":"<ul>\n<li class=\"western\" style=\"text-align: justify;\">Mateo Serna impresiona en escenario del Museo Francisco Coss\u00edo<\/li>\n<\/ul>\n<p class=\"western\" style=\"text-align: justify;\"><span style=\"font-size: 10pt; font-family: 'trebuchet ms', geneva, sans-serif;\"><strong>MARCO SERNA.- <\/strong><\/span>El talentoso ni\u00f1o cerritense, Mateo Serna Landaverde, particip\u00f3 en el evento \u00abPeque\u00f1os Grandes M\u00fasicos\u00bb en el Museo Francisco Coss\u00edo de San Luis Potos\u00ed el s\u00e1bado 27 de abril por la tarde. Bajo la tutela de la distinguida maestra rusa Masha Tsyganova, Mateo cautiv\u00f3 al p\u00fablico con su destreza en el piano, adem\u00e1s de haber incursionado recientemente en clases de viol\u00edn.<\/p>\n<p class=\"western\" style=\"text-align: justify;\">El concierto, de entrada libre pero con cupo limitado, tuvo lugar en Av. Venustiano Carranza #1815, Col. Jard\u00edn, en la capital potosina. La maestra Tsyganova extendi\u00f3 una cordial invitaci\u00f3n al p\u00fablico para ser parte de esta presentaci\u00f3n junto a los ni\u00f1os y j\u00f3venes talentosos.<\/p>\n<p class=\"western\" style=\"text-align: justify;\">Mateo, reconocido como un alumno destacado, recibi\u00f3 una ovaci\u00f3n al finalizar su actuaci\u00f3n, demostrando as\u00ed su habilidad y dedicaci\u00f3n en el mundo de la m\u00fasica. Su participaci\u00f3n en diversos escenarios culturales en diferentes ciudades del pa\u00eds, como Quer\u00e9taro, resalta su creciente trayectoria art\u00edstica que lo proyecta hacia un futuro prometedor.<\/p>\n","protected":false},"excerpt":{"rendered":"<p>El talentoso ni\u00f1o cerritense, Mateo Serna Landaverde, particip\u00f3 en el evento \u00abPeque\u00f1os Grandes M\u00fasicos\u00bb en el Museo Francisco Coss\u00edo de San Luis Potos\u00ed el s\u00e1bado 27 de abril por la tarde. Bajo la tutela de la distinguida maestra rusa Masha Tsyganova, Mateo cautiv\u00f3 al p\u00fablico con su destreza en el piano, adem\u00e1s de haber incursionado recientemente en clases de viol\u00edn.<\/p>\n","protected":false},"author":5,"featured_media":19963,"comment_status":"closed","ping_status":"open","sticky":false,"template":"","format":"standard","meta":{"footnotes":""},"categories":[3,483,486,484,485],"tags":[],"class_list":["post-19962","post","type-post","status-publish","format-standard","has-post-thumbnail","hentry","category-cerritos","category-cultura","category-educacion","category-espectaculos","category-sociales","entry","simple"],"_links":{"self":[{"href":"https:\/\/www.plurinominal.com.mx\/index.php?rest_route=\/wp\/v2\/posts\/19962","targetHints":{"allow":["GET"]}}],"collection":[{"href":"https:\/\/www.plurinominal.com.mx\/index.php?rest_route=\/wp\/v2\/posts"}],"about":[{"href":"https:\/\/www.plurinominal.com.mx\/index.php?rest_route=\/wp\/v2\/types\/post"}],"author":[{"embeddable":true,"href":"https:\/\/www.plurinominal.com.mx\/index.php?rest_route=\/wp\/v2\/users\/5"}],"replies":[{"embeddable":true,"href":"https:\/\/www.plurinominal.com.mx\/index.php?rest_route=%2Fwp%2Fv2%2Fcomments&post=19962"}],"version-history":[{"count":1,"href":"https:\/\/www.plurinominal.com.mx\/index.php?rest_route=\/wp\/v2\/posts\/19962\/revisions"}],"predecessor-version":[{"id":19964,"href":"https:\/\/www.plurinominal.com.mx\/index.php?rest_route=\/wp\/v2\/posts\/19962\/revisions\/19964"}],"wp:featuredmedia":[{"embeddable":true,"href":"https:\/\/www.plurinominal.com.mx\/index.php?rest_route=\/wp\/v2\/media\/19963"}],"wp:attachment":[{"href":"https:\/\/www.plurinominal.com.mx\/index.php?rest_route=%2Fwp%2Fv2%2Fmedia&parent=19962"}],"wp:term":[{"taxonomy":"category","embeddable":true,"href":"https:\/\/www.plurinominal.com.mx\/index.php?rest_route=%2Fwp%2Fv2%2Fcategories&post=19962"},{"taxonomy":"post_tag","embeddable":true,"href":"https:\/\/www.plurinominal.com.mx\/index.php?rest_route=%2Fwp%2Fv2%2Ftags&post=19962"}],"curies":[{"name":"wp","href":"https:\/\/api.w.org\/{rel}","templated":true}]}}