{"id":202,"date":"2011-11-03T23:42:02","date_gmt":"2011-11-03T23:42:02","guid":{"rendered":"http:\/\/www.plurinominal.com.mx\/?p=202"},"modified":"2011-11-05T23:42:34","modified_gmt":"2011-11-05T23:42:34","slug":"administracion-municipal-recibe-criticas-por-los-tres-dias-de-descanso","status":"publish","type":"post","link":"https:\/\/www.plurinominal.com.mx\/?p=202","title":{"rendered":"Administraci\u00f3n Municipal recibe cr\u00edticas por los tres d\u00edas de descanso"},"content":{"rendered":"<p>Equipo de redacci\u00f3n, Ma. del Carmen V.<br \/>\nAunque en el ayuntamiento no se orden\u00f3 como descanso obligatorio el 12 de Octubre \u201cD\u00eda de la Raza\u201d, la ciudadan\u00eda cerritense critic\u00f3 a la administraci\u00f3n municipal por haber paralizado el servicio durante tres d\u00edas.<br \/>\nHasta el jueves de esta semana, comienzan nuevamente los trabajos en la Presidencia.<br \/>\nEn el municipio, no se observaron acciones donde inicia la calle Mart\u00edn de Turrubiartes. Desde la semana pasada fue obstruida por las obras de rehabilitaci\u00f3n del drenaje. La calle es transitada por gran n\u00famero de veh\u00edculos y personas.<br \/>\nSe asegur\u00f3 que se hizo la invitaci\u00f3n a los trabajadores municipales al servicio de Obras P\u00fablicas, para que se presentaran a laborar el d\u00eda domingo, pero se rehusaron.<br \/>\nLa ciudadan\u00eda tambi\u00e9n enfatiza en la rebeld\u00eda con que se comportan los trabajadores municipales ante las \u00f3rdenes que emiten los mandos superiores.<br \/>\nTodo obedece a que la m\u00e1xima autoridad no le ha dado el lugar que le corresponde a cada jefe de departamento, ni ha hecho que se respeten las jerarqu\u00edas en la presidencia municipal \u201cy los trabajadores hacen lo que quieren\u201d.<br \/>\n\u201cDesde que se concluy\u00f3 el contrato publicitario con el noticiero local \u2014hace 3 meses\u2014, \u00e9ste medio ha fustigado a la autoridad del municipio con mayor \u00e9nfasis\u201d, reconocen los funcionarios.<br \/>\nConstantemente se ha comparado al ayuntamiento con las Presidencias Municipales de Villa Ju\u00e1rez y Guadalc\u00e1zar.<br \/>\nSe dijo que esas instituciones laboraron \u201clunes y martes\u201d y sus trabajadores \u00fanicamente descansar\u00edan el mi\u00e9rcoles dos de noviembre. \u201cEn cambio en la presidencia municipal de Cerritos se tomaron tres d\u00edas de asueto\u201d.<br \/>\nAll\u00ed tildaron de incapaz al ayuntamiento por cuestiones de las cuales no existe respuesta hacia la ciudadan\u00eda.<br \/>\nEn el noticiero se hicieron p\u00fablicas las declaraciones de la regidora Irma Nubia Rodr\u00edguez Carbajal en contra de la administraci\u00f3n que dirige Erasmo Galv\u00e1n Nieto.<br \/>\nPrincipalmente critic\u00f3 al Director de Recursos Humanos Jos\u00e9 Guadalupe Mart\u00ednez P\u00e9rez al manifestar que ese puesto fue de nueva creaci\u00f3n y no ha cumplido con las expectativas. Tambi\u00e9n emprendi\u00f3 se\u00f1alamientos contra personal de Desarrollo Social. <\/p>\n","protected":false},"excerpt":{"rendered":"<p>Equipo de redacci\u00f3n, Ma. del Carmen V. Aunque en el ayuntamiento no se orden\u00f3 como descanso obligatorio el 12 de Octubre \u201cD\u00eda de la Raza\u201d, la ciudadan\u00eda cerritense critic\u00f3 a&#8230;<\/p>\n","protected":false},"author":1,"featured_media":0,"comment_status":"closed","ping_status":"open","sticky":false,"template":"","format":"standard","meta":{"footnotes":""},"categories":[3],"tags":[151,150,149],"class_list":["post-202","post","type-post","status-publish","format-standard","hentry","category-cerritos","tag-ayuntamiento","tag-mega-puente","tag-puente","entry","simple"],"_links":{"self":[{"href":"https:\/\/www.plurinominal.com.mx\/index.php?rest_route=\/wp\/v2\/posts\/202","targetHints":{"allow":["GET"]}}],"collection":[{"href":"https:\/\/www.plurinominal.com.mx\/index.php?rest_route=\/wp\/v2\/posts"}],"about":[{"href":"https:\/\/www.plurinominal.com.mx\/index.php?rest_route=\/wp\/v2\/types\/post"}],"author":[{"embeddable":true,"href":"https:\/\/www.plurinominal.com.mx\/index.php?rest_route=\/wp\/v2\/users\/1"}],"replies":[{"embeddable":true,"href":"https:\/\/www.plurinominal.com.mx\/index.php?rest_route=%2Fwp%2Fv2%2Fcomments&post=202"}],"version-history":[{"count":0,"href":"https:\/\/www.plurinominal.com.mx\/index.php?rest_route=\/wp\/v2\/posts\/202\/revisions"}],"wp:attachment":[{"href":"https:\/\/www.plurinominal.com.mx\/index.php?rest_route=%2Fwp%2Fv2%2Fmedia&parent=202"}],"wp:term":[{"taxonomy":"category","embeddable":true,"href":"https:\/\/www.plurinominal.com.mx\/index.php?rest_route=%2Fwp%2Fv2%2Fcategories&post=202"},{"taxonomy":"post_tag","embeddable":true,"href":"https:\/\/www.plurinominal.com.mx\/index.php?rest_route=%2Fwp%2Fv2%2Ftags&post=202"}],"curies":[{"name":"wp","href":"https:\/\/api.w.org\/{rel}","templated":true}]}}