{"id":20212,"date":"2024-05-18T11:40:08","date_gmt":"2024-05-18T16:40:08","guid":{"rendered":"https:\/\/www.plurinominal.com.mx\/?p=20212"},"modified":"2024-05-22T11:41:06","modified_gmt":"2024-05-22T16:41:06","slug":"consulta-estatal-para-personas-con-discapacidad","status":"publish","type":"post","link":"https:\/\/www.plurinominal.com.mx\/?p=20212","title":{"rendered":"Consulta estatal para personas con discapacidad"},"content":{"rendered":"<ul>\n<li style=\"text-align: justify;\">Ciudadanos proponen rampas y sanciones m\u00e1s estrictas<\/li>\n<\/ul>\n<p style=\"text-align: justify;\" align=\"left\"><span style=\"font-size: 10pt; font-family: 'trebuchet ms', geneva, sans-serif;\"><strong>JOS\u00c9 \u00c1NGEL MTZ.-<\/strong> <\/span>El 17 de mayo, el municipio de Cerritos fue sede de la Consulta para Personas con Discapacidad organizada por el Gobierno del Estado. Este evento, parte de un esfuerzo m\u00e1s amplio que abarca los 58 municipios, tiene como objetivo integrar propuestas al Plan Estatal de Desarrollo para mejorar la inclusi\u00f3n y calidad de vida de las personas con discapacidad.<\/p>\n<p style=\"text-align: justify;\" align=\"left\">Durante la consulta, los participantes expusieron sus necesidades diarias, buscando un municipio m\u00e1s inclusivo. Entre las propuestas destacadas se encuentran la instalaci\u00f3n de rampas y pasamanos en \u00e1reas p\u00fablicas, y la capacitaci\u00f3n de funcionarios p\u00fablicos para ofrecer una mejor atenci\u00f3n. Asimismo, se subray\u00f3 la importancia de respetar los lugares exclusivos para personas con discapacidad, solicitando sanciones m\u00e1s estrictas para quienes no los respeten.<\/p>\n<p style=\"text-align: justify;\" align=\"left\">El evento forma parte de la \u00abNueva Consulta a Personas con Discapacidad, Ni\u00f1as y Ni\u00f1os con Discapacidad y organizaciones que los representan\u00bb, iniciada por la Secretar\u00eda de Finanzas (Sefin) y diversas dependencias que conforman el Subcomit\u00e9 Especial del Comit\u00e9 de Planeaci\u00f3n del Desarrollo Estatal (Coplade). Esta consulta se extender\u00e1 del 16 de mayo al 20 de junio de 2024.<\/p>\n<p style=\"text-align: justify;\" align=\"left\">Durante este per\u00edodo, los potosinos podr\u00e1n participar en la consulta acudiendo a las sedes municipales en las oficinas de los Sistemas para el Desarrollo Integral de la Familia (DIF). Adem\u00e1s, se aceptar\u00e1n propuestas escritas, audios y videos enviados v\u00eda WhatsApp al tel\u00e9fono 444 508 7085.<\/p>\n<p style=\"text-align: justify;\" align=\"left\">El objetivo de esta iniciativa es escuchar y conocer la opini\u00f3n y necesidades de la ciudadan\u00eda en materia de salud, educaci\u00f3n, empleo e infraestructura. Se busca ampliar los ejes de acci\u00f3n para garantizar la plena participaci\u00f3n e integraci\u00f3n de las personas con discapacidad en la comunidad.<\/p>\n<p style=\"text-align: justify;\" align=\"left\">Para la organizaci\u00f3n de la consulta, se estableci\u00f3 una coordinaci\u00f3n entre el Sistema Estatal DIF, la Secretar\u00eda General de Gobierno (SGG) y la Sefin. Representantes de la sociedad civil y diversas organizaciones participaron en la planificaci\u00f3n e implementaci\u00f3n de este ejercicio, garantizando una amplia representaci\u00f3n y colaboraci\u00f3n.<\/p>\n","protected":false},"excerpt":{"rendered":"<p>El 17 de mayo, el municipio de Cerritos fue sede de la Consulta para Personas con Discapacidad organizada por el Gobierno del Estado. Este evento, parte de un esfuerzo m\u00e1s amplio que abarca los 58 municipios, tiene como objetivo integrar propuestas al Plan Estatal de Desarrollo para mejorar la inclusi\u00f3n y calidad de vida de las personas con discapacidad.<\/p>\n","protected":false},"author":5,"featured_media":20213,"comment_status":"closed","ping_status":"open","sticky":false,"template":"","format":"standard","meta":{"footnotes":""},"categories":[3,483,486,485],"tags":[],"class_list":["post-20212","post","type-post","status-publish","format-standard","has-post-thumbnail","hentry","category-cerritos","category-cultura","category-educacion","category-sociales","entry","simple"],"_links":{"self":[{"href":"https:\/\/www.plurinominal.com.mx\/index.php?rest_route=\/wp\/v2\/posts\/20212","targetHints":{"allow":["GET"]}}],"collection":[{"href":"https:\/\/www.plurinominal.com.mx\/index.php?rest_route=\/wp\/v2\/posts"}],"about":[{"href":"https:\/\/www.plurinominal.com.mx\/index.php?rest_route=\/wp\/v2\/types\/post"}],"author":[{"embeddable":true,"href":"https:\/\/www.plurinominal.com.mx\/index.php?rest_route=\/wp\/v2\/users\/5"}],"replies":[{"embeddable":true,"href":"https:\/\/www.plurinominal.com.mx\/index.php?rest_route=%2Fwp%2Fv2%2Fcomments&post=20212"}],"version-history":[{"count":1,"href":"https:\/\/www.plurinominal.com.mx\/index.php?rest_route=\/wp\/v2\/posts\/20212\/revisions"}],"predecessor-version":[{"id":20214,"href":"https:\/\/www.plurinominal.com.mx\/index.php?rest_route=\/wp\/v2\/posts\/20212\/revisions\/20214"}],"wp:featuredmedia":[{"embeddable":true,"href":"https:\/\/www.plurinominal.com.mx\/index.php?rest_route=\/wp\/v2\/media\/20213"}],"wp:attachment":[{"href":"https:\/\/www.plurinominal.com.mx\/index.php?rest_route=%2Fwp%2Fv2%2Fmedia&parent=20212"}],"wp:term":[{"taxonomy":"category","embeddable":true,"href":"https:\/\/www.plurinominal.com.mx\/index.php?rest_route=%2Fwp%2Fv2%2Fcategories&post=20212"},{"taxonomy":"post_tag","embeddable":true,"href":"https:\/\/www.plurinominal.com.mx\/index.php?rest_route=%2Fwp%2Fv2%2Ftags&post=20212"}],"curies":[{"name":"wp","href":"https:\/\/api.w.org\/{rel}","templated":true}]}}