{"id":2024,"date":"2012-03-08T20:40:36","date_gmt":"2012-03-09T02:40:36","guid":{"rendered":"http:\/\/www.plurinominal.com.mx\/?p=2024"},"modified":"2012-03-08T20:40:36","modified_gmt":"2012-03-09T02:40:36","slug":"hospital-central-condono-adeudo-de-medio-millon-de-pesos","status":"publish","type":"post","link":"https:\/\/www.plurinominal.com.mx\/?p=2024","title":{"rendered":"Hospital Central condon\u00f3 adeudo de medio mill\u00f3n de pesos"},"content":{"rendered":"<ul>\n<li>Paciente estuvo internado casi 4 meses a consecuencia de quemaduras. Finalmente muri\u00f3<\/li>\n<\/ul>\n<p><em>Fco. V. de la Cruz.-<\/em> Las gestiones del ayuntamiento rindieron frutos al condonarse elevado adeudo con el Hospital Central. Un paciente v\u00edctima de quemaduras dur\u00f3 hospitalizado cerca de cuatro meses pero lamentablemente muri\u00f3.<br \/>\nLa deuda por hospitalizaci\u00f3n y curaciones ascend\u00eda a la cantidad de 500 mil 728 pesos, cantidad que gracias a la intervenci\u00f3n del Presidente Municipal Erasmo Galv\u00e1n Nieto y del Asesor T\u00e9cnico Salvador Mart\u00ednez Lumbreras, \u00abLa Harina\u00bb, fue condonada.<br \/>\nEl paciente fue hospitalizado desde mediados de diciembre y hasta principios de marzo ocurri\u00f3 su fallecimiento.<br \/>\nEl infortunado era originario de Estaci\u00f3n Villar.<br \/>\nJunto con su esposa y otras personas se dirigieron a cortar pastle para el nacimiento.<br \/>\nEl hombre subi\u00f3 a un \u00e1rbol. Las ramas de \u00e9ste tocaron cables de alta tensi\u00f3n que por all\u00ed pasan, sobreviniendo inmediatamente una descarga el\u00e9ctrica que lo lanz\u00f3 a los suelos.<br \/>\nEl labriego result\u00f3 con serias quemaduras de hasta tercer grado en todo su cuerpo. Su esposa se encontraba embarazada y a consecuencia de la impresi\u00f3n dio a luz en el lugar.<br \/>\nSe solicit\u00f3 el apoyo de una camioneta para trasladarlos a recibir atenci\u00f3n m\u00e9dica especializada.<br \/>\nCon el desenlace del fallecimiento de la persona electrocutada, los costos por hospitalizaci\u00f3n y curaciones ascend\u00edan a m\u00e1s de medio mill\u00f3n de pesos.<br \/>\nPor tal motivo el padre del fallecido tuvo que firmar un documento donde se compromet\u00eda a liquidar dicha cantidad.<br \/>\nDebido a la falta de recursos econ\u00f3micos para liquidar el elevado adeudo, el Presidente Municipal lo canaliz\u00f3 con Salvador Mart\u00ednez Lumbreras, quien realiz\u00f3 los tr\u00e1mites ante el Hospital para la condonaci\u00f3n.<\/p>\n","protected":false},"excerpt":{"rendered":"<p>Paciente estuvo internado casi 4 meses a consecuencia de quemaduras. Finalmente muri\u00f3 Fco. V. de la Cruz.- Las gestiones del ayuntamiento rindieron frutos al condonarse elevado adeudo con el Hospital&#8230;<\/p>\n","protected":false},"author":1,"featured_media":0,"comment_status":"closed","ping_status":"open","sticky":false,"template":"","format":"standard","meta":{"footnotes":""},"categories":[3],"tags":[],"class_list":["post-2024","post","type-post","status-publish","format-standard","hentry","category-cerritos","entry","simple"],"_links":{"self":[{"href":"https:\/\/www.plurinominal.com.mx\/index.php?rest_route=\/wp\/v2\/posts\/2024","targetHints":{"allow":["GET"]}}],"collection":[{"href":"https:\/\/www.plurinominal.com.mx\/index.php?rest_route=\/wp\/v2\/posts"}],"about":[{"href":"https:\/\/www.plurinominal.com.mx\/index.php?rest_route=\/wp\/v2\/types\/post"}],"author":[{"embeddable":true,"href":"https:\/\/www.plurinominal.com.mx\/index.php?rest_route=\/wp\/v2\/users\/1"}],"replies":[{"embeddable":true,"href":"https:\/\/www.plurinominal.com.mx\/index.php?rest_route=%2Fwp%2Fv2%2Fcomments&post=2024"}],"version-history":[{"count":0,"href":"https:\/\/www.plurinominal.com.mx\/index.php?rest_route=\/wp\/v2\/posts\/2024\/revisions"}],"wp:attachment":[{"href":"https:\/\/www.plurinominal.com.mx\/index.php?rest_route=%2Fwp%2Fv2%2Fmedia&parent=2024"}],"wp:term":[{"taxonomy":"category","embeddable":true,"href":"https:\/\/www.plurinominal.com.mx\/index.php?rest_route=%2Fwp%2Fv2%2Fcategories&post=2024"},{"taxonomy":"post_tag","embeddable":true,"href":"https:\/\/www.plurinominal.com.mx\/index.php?rest_route=%2Fwp%2Fv2%2Ftags&post=2024"}],"curies":[{"name":"wp","href":"https:\/\/api.w.org\/{rel}","templated":true}]}}