{"id":20243,"date":"2024-05-23T19:22:32","date_gmt":"2024-05-24T00:22:32","guid":{"rendered":"https:\/\/www.plurinominal.com.mx\/?p=20243"},"modified":"2024-05-23T19:22:32","modified_gmt":"2024-05-24T00:22:32","slug":"avance-social-y-educativo","status":"publish","type":"post","link":"https:\/\/www.plurinominal.com.mx\/?p=20243","title":{"rendered":"Avance social y educativo"},"content":{"rendered":"<ul>\n<li style=\"text-align: justify;\">Construcci\u00f3n de Red El\u00e9ctrica en Guaxcam\u00e1<\/li>\n<\/ul>\n<p style=\"text-align: justify;\" align=\"left\"><span style=\"font-size: 10pt; font-family: 'trebuchet ms', geneva, sans-serif;\"><strong>JOS\u00c9 \u00c1NGEL MTZ.-<\/strong><\/span> En la comunidad de Guaxcam\u00e1, Villa Ju\u00e1rez, se ha iniciado la construcci\u00f3n de un nuevo proyecto de ampliaci\u00f3n de la red de distribuci\u00f3n el\u00e9ctrica. Esta obra beneficiar\u00e1 directamente a familias que se encuentran en situaci\u00f3n de rezago social debido a la falta de luz en sus hogares. Adem\u00e1s, dos planteles educativos de la zona tambi\u00e9n recibir\u00e1n este servicio, mejorando significativamente las condiciones para estudiantes y maestros.<\/p>\n<p style=\"text-align: justify;\" align=\"left\">Durante a\u00f1os, los habitantes de Guaxcam\u00e1 han solicitado esta infraestructura sin obtener respuesta. Sin embargo, ahora el proyecto se est\u00e1 haciendo realidad gracias a recursos 100% municipales. Esta ampliaci\u00f3n de la red el\u00e9ctrica no solo proporcionar\u00e1 un alivio inmediato a las familias afectadas, sino que tambi\u00e9n impulsar\u00e1 el desarrollo y la calidad de vida en la comunidad.<\/p>\n<p style=\"text-align: justify;\" align=\"left\">La construcci\u00f3n de la red de distribuci\u00f3n el\u00e9ctrica est\u00e1 en proceso y se espera que, una vez finalizada, marque un antes y un despu\u00e9s en la vida de los habitantes de Guaxcam\u00e1.a<\/p>\n","protected":false},"excerpt":{"rendered":"<p>En la comunidad de Guaxcam\u00e1, Villa Ju\u00e1rez, se ha iniciado la construcci\u00f3n de un nuevo proyecto de ampliaci\u00f3n de la red de distribuci\u00f3n el\u00e9ctrica. Esta obra beneficiar\u00e1 directamente a familias que se encuentran en situaci\u00f3n de rezago social debido a la falta de luz en sus hogares. Adem\u00e1s, dos planteles educativos de la zona tambi\u00e9n recibir\u00e1n este servicio, mejorando significativamente las condiciones para estudiantes y maestros.<\/p>\n","protected":false},"author":5,"featured_media":20244,"comment_status":"closed","ping_status":"open","sticky":false,"template":"","format":"standard","meta":{"footnotes":""},"categories":[483,486,463,485,4],"tags":[],"class_list":["post-20243","post","type-post","status-publish","format-standard","has-post-thumbnail","hentry","category-cultura","category-educacion","category-politica","category-sociales","category-villa-juarez","entry","simple"],"_links":{"self":[{"href":"https:\/\/www.plurinominal.com.mx\/index.php?rest_route=\/wp\/v2\/posts\/20243","targetHints":{"allow":["GET"]}}],"collection":[{"href":"https:\/\/www.plurinominal.com.mx\/index.php?rest_route=\/wp\/v2\/posts"}],"about":[{"href":"https:\/\/www.plurinominal.com.mx\/index.php?rest_route=\/wp\/v2\/types\/post"}],"author":[{"embeddable":true,"href":"https:\/\/www.plurinominal.com.mx\/index.php?rest_route=\/wp\/v2\/users\/5"}],"replies":[{"embeddable":true,"href":"https:\/\/www.plurinominal.com.mx\/index.php?rest_route=%2Fwp%2Fv2%2Fcomments&post=20243"}],"version-history":[{"count":1,"href":"https:\/\/www.plurinominal.com.mx\/index.php?rest_route=\/wp\/v2\/posts\/20243\/revisions"}],"predecessor-version":[{"id":20245,"href":"https:\/\/www.plurinominal.com.mx\/index.php?rest_route=\/wp\/v2\/posts\/20243\/revisions\/20245"}],"wp:featuredmedia":[{"embeddable":true,"href":"https:\/\/www.plurinominal.com.mx\/index.php?rest_route=\/wp\/v2\/media\/20244"}],"wp:attachment":[{"href":"https:\/\/www.plurinominal.com.mx\/index.php?rest_route=%2Fwp%2Fv2%2Fmedia&parent=20243"}],"wp:term":[{"taxonomy":"category","embeddable":true,"href":"https:\/\/www.plurinominal.com.mx\/index.php?rest_route=%2Fwp%2Fv2%2Fcategories&post=20243"},{"taxonomy":"post_tag","embeddable":true,"href":"https:\/\/www.plurinominal.com.mx\/index.php?rest_route=%2Fwp%2Fv2%2Ftags&post=20243"}],"curies":[{"name":"wp","href":"https:\/\/api.w.org\/{rel}","templated":true}]}}