{"id":20275,"date":"2024-05-25T11:55:08","date_gmt":"2024-05-25T16:55:08","guid":{"rendered":"https:\/\/www.plurinominal.com.mx\/?p=20275"},"modified":"2024-05-31T11:56:39","modified_gmt":"2024-05-31T16:56:39","slug":"falta-de-cultura-vial","status":"publish","type":"post","link":"https:\/\/www.plurinominal.com.mx\/?p=20275","title":{"rendered":"Falta de cultura vial:"},"content":{"rendered":"<ul>\n<li style=\"text-align: justify;\">Ocupaci\u00f3n de espacios para discapacitados en Aurrer\u00e1<\/li>\n<\/ul>\n<p style=\"text-align: justify;\" align=\"left\"><span style=\"font-size: 10pt; font-family: 'trebuchet ms', geneva, sans-serif;\"><strong>JOS\u00c9 \u00c1NGEL MTZ.-<\/strong><\/span> <em>El se\u00f1or Lupe Mart\u00ednez expres\u00f3 su queja sobre la ocupaci\u00f3n indebida de los estacionamientos para discapacitados en la Bodega Aurrer\u00e1, ubicada por el Pante\u00f3n Municipal de Cerritos. Mart\u00ednez P\u00e9rez observ\u00f3 que los espacios destinados para personas con discapacidad estaban ocupados por veh\u00edculos de personas aparentemente sin problemas de movilidad. <\/em><\/p>\n<p style=\"text-align: justify;\" align=\"left\">La ocupaci\u00f3n indebida de estos espacios es una problem\u00e1tica recurrente. Los infractores suelen justificarse con excusas como \u00abahorita regreso\u00bb, \u00absolo un ratito\u00bb o \u00abno me tardo\u00bb, sin considerar que estos lugares son esenciales para quienes realmente los necesitan. Adem\u00e1s, cuando son infraccionados, suelen enojarse con los agentes de tr\u00e1nsito, quienes solo est\u00e1n cumpliendo con su deber.<\/p>\n<p style=\"text-align: justify;\" align=\"left\">La importancia de respetar los lugares para discapacitados va m\u00e1s all\u00e1 del cumplimiento de la ley; se trata de mostrar empat\u00eda y respeto hacia las personas con movilidad reducida. Estos espacios permiten un acceso m\u00e1s f\u00e1cil y seguro a las instalaciones, y su ocupaci\u00f3n indebida puede causar inconvenientes y riesgos significativos para quienes dependen de ellos.<\/p>\n<p style=\"text-align: justify;\" align=\"left\">El respeto a estos espacios es fundamental para una sociedad inclusiva y respetuosa. <em>(Foto ilustrativa, archivo Plurinominal).<\/em><\/p>\n","protected":false},"excerpt":{"rendered":"<p>El se\u00f1or Guadalupe Mart\u00ednez P\u00e9rez expres\u00f3 su queja sobre la ocupaci\u00f3n indebida de los estacionamientos para discapacitados en la Bodega Aurrer\u00e1, ubicada por el Pante\u00f3n Municipal de Cerritos. Mart\u00ednez P\u00e9rez observ\u00f3 que los espacios destinados para personas con discapacidad estaban ocupados por veh\u00edculos de personas aparentemente sin problemas de movilidad.<\/p>\n","protected":false},"author":5,"featured_media":20276,"comment_status":"closed","ping_status":"open","sticky":false,"template":"","format":"standard","meta":{"footnotes":""},"categories":[3,483,486,485],"tags":[],"class_list":["post-20275","post","type-post","status-publish","format-standard","has-post-thumbnail","hentry","category-cerritos","category-cultura","category-educacion","category-sociales","entry","simple"],"_links":{"self":[{"href":"https:\/\/www.plurinominal.com.mx\/index.php?rest_route=\/wp\/v2\/posts\/20275","targetHints":{"allow":["GET"]}}],"collection":[{"href":"https:\/\/www.plurinominal.com.mx\/index.php?rest_route=\/wp\/v2\/posts"}],"about":[{"href":"https:\/\/www.plurinominal.com.mx\/index.php?rest_route=\/wp\/v2\/types\/post"}],"author":[{"embeddable":true,"href":"https:\/\/www.plurinominal.com.mx\/index.php?rest_route=\/wp\/v2\/users\/5"}],"replies":[{"embeddable":true,"href":"https:\/\/www.plurinominal.com.mx\/index.php?rest_route=%2Fwp%2Fv2%2Fcomments&post=20275"}],"version-history":[{"count":1,"href":"https:\/\/www.plurinominal.com.mx\/index.php?rest_route=\/wp\/v2\/posts\/20275\/revisions"}],"predecessor-version":[{"id":20277,"href":"https:\/\/www.plurinominal.com.mx\/index.php?rest_route=\/wp\/v2\/posts\/20275\/revisions\/20277"}],"wp:featuredmedia":[{"embeddable":true,"href":"https:\/\/www.plurinominal.com.mx\/index.php?rest_route=\/wp\/v2\/media\/20276"}],"wp:attachment":[{"href":"https:\/\/www.plurinominal.com.mx\/index.php?rest_route=%2Fwp%2Fv2%2Fmedia&parent=20275"}],"wp:term":[{"taxonomy":"category","embeddable":true,"href":"https:\/\/www.plurinominal.com.mx\/index.php?rest_route=%2Fwp%2Fv2%2Fcategories&post=20275"},{"taxonomy":"post_tag","embeddable":true,"href":"https:\/\/www.plurinominal.com.mx\/index.php?rest_route=%2Fwp%2Fv2%2Ftags&post=20275"}],"curies":[{"name":"wp","href":"https:\/\/api.w.org\/{rel}","templated":true}]}}