{"id":20313,"date":"2024-05-31T21:33:11","date_gmt":"2024-06-01T02:33:11","guid":{"rendered":"https:\/\/www.plurinominal.com.mx\/?p=20313"},"modified":"2024-06-04T21:34:13","modified_gmt":"2024-06-05T02:34:13","slug":"basura-politica","status":"publish","type":"post","link":"https:\/\/www.plurinominal.com.mx\/?p=20313","title":{"rendered":"\u00a1Basura pol\u00edtica!"},"content":{"rendered":"<ul>\n<li style=\"text-align: justify;\">Mitin deja residuos y cr\u00edticas<\/li>\n<\/ul>\n<p style=\"text-align: justify;\" align=\"left\">El cierre de campa\u00f1a de Alfredo S\u00e1nchez en el barrio Guadalupe gener\u00f3 controversia no solo por la pol\u00edtica, sino por la basura dejada tras el evento. Carly Torres Reyes, usuaria de redes sociales, expres\u00f3 su descontento al t\u00e9rmino del mitin, se\u00f1alando que \u00abtodo est\u00e1 bien, pero la basura, \u00bfa qui\u00e9n se la dejaron? Aparte en el piso hay muchos papelitos de las bombas que tronaron durante el mitin. De tantos ciudadanos que fueron, nadie pudo juntar la basura\u00bb.<\/p>\n<p style=\"text-align: justify;\" align=\"left\">Sof\u00eda C\u00e1rdenas tambi\u00e9n manifest\u00f3 su indignaci\u00f3n: \u00abVerg\u00fcenza les deber\u00eda de dar. En lugar de hacerse los graciosos, que en realidad ni lo son, deber\u00edan de ir a limpiar. Si as\u00ed son ahorita, \u00bfqu\u00e9 nos espera si llegan a ganar?\u00bb.<\/p>\n<p style=\"text-align: justify;\" align=\"left\">Estas declaraciones reflejan el malestar de algunos residentes del barrio Guadalupe, quienes criticaron la falta de responsabilidad de los organizadores del evento.<\/p>\n<p style=\"text-align: justify;\" align=\"left\">El mitin, realizado el mi\u00e9rcoles 29 de mayo frente a la plazoleta del barrio Guadalupe, atrajo a un numeroso grupo de simpatizantes.<\/p>\n<p style=\"text-align: justify;\" align=\"left\">Esta situaci\u00f3n ha provocado un debate sobre la responsabilidad y el respeto hacia los espacios p\u00fablicos en eventos pol\u00edticos.<\/p>\n","protected":false},"excerpt":{"rendered":"<p>El cierre de campa\u00f1a de Alfredo S\u00e1nchez en el barrio Guadalupe gener\u00f3 controversia no solo por la pol\u00edtica, sino por la basura dejada tras el evento. Carly Torres Reyes, usuaria de redes sociales, expres\u00f3 su descontento al t\u00e9rmino del mitin, se\u00f1alando que \u00abtodo est\u00e1 bien, pero la basura, \u00bfa qui\u00e9n se la dejaron? Aparte en el piso hay muchos papelitos de las bombas que tronaron durante el mitin. De tantos ciudadanos que fueron, nadie pudo juntar la basura\u00bb.<\/p>\n","protected":false},"author":5,"featured_media":20314,"comment_status":"closed","ping_status":"open","sticky":false,"template":"","format":"standard","meta":{"footnotes":""},"categories":[3,483,486,463,485],"tags":[],"class_list":["post-20313","post","type-post","status-publish","format-standard","has-post-thumbnail","hentry","category-cerritos","category-cultura","category-educacion","category-politica","category-sociales","entry","simple"],"_links":{"self":[{"href":"https:\/\/www.plurinominal.com.mx\/index.php?rest_route=\/wp\/v2\/posts\/20313","targetHints":{"allow":["GET"]}}],"collection":[{"href":"https:\/\/www.plurinominal.com.mx\/index.php?rest_route=\/wp\/v2\/posts"}],"about":[{"href":"https:\/\/www.plurinominal.com.mx\/index.php?rest_route=\/wp\/v2\/types\/post"}],"author":[{"embeddable":true,"href":"https:\/\/www.plurinominal.com.mx\/index.php?rest_route=\/wp\/v2\/users\/5"}],"replies":[{"embeddable":true,"href":"https:\/\/www.plurinominal.com.mx\/index.php?rest_route=%2Fwp%2Fv2%2Fcomments&post=20313"}],"version-history":[{"count":1,"href":"https:\/\/www.plurinominal.com.mx\/index.php?rest_route=\/wp\/v2\/posts\/20313\/revisions"}],"predecessor-version":[{"id":20315,"href":"https:\/\/www.plurinominal.com.mx\/index.php?rest_route=\/wp\/v2\/posts\/20313\/revisions\/20315"}],"wp:featuredmedia":[{"embeddable":true,"href":"https:\/\/www.plurinominal.com.mx\/index.php?rest_route=\/wp\/v2\/media\/20314"}],"wp:attachment":[{"href":"https:\/\/www.plurinominal.com.mx\/index.php?rest_route=%2Fwp%2Fv2%2Fmedia&parent=20313"}],"wp:term":[{"taxonomy":"category","embeddable":true,"href":"https:\/\/www.plurinominal.com.mx\/index.php?rest_route=%2Fwp%2Fv2%2Fcategories&post=20313"},{"taxonomy":"post_tag","embeddable":true,"href":"https:\/\/www.plurinominal.com.mx\/index.php?rest_route=%2Fwp%2Fv2%2Ftags&post=20313"}],"curies":[{"name":"wp","href":"https:\/\/api.w.org\/{rel}","templated":true}]}}