{"id":20408,"date":"2024-06-20T01:20:22","date_gmt":"2024-06-20T06:20:22","guid":{"rendered":"https:\/\/www.plurinominal.com.mx\/?p=20408"},"modified":"2024-06-26T01:22:42","modified_gmt":"2024-06-26T06:22:42","slug":"de-braceros-a-leyendas","status":"publish","type":"post","link":"https:\/\/www.plurinominal.com.mx\/?p=20408","title":{"rendered":"De braceros a leyendas:"},"content":{"rendered":"<ul>\n<li style=\"text-align: justify;\">Reedici\u00f3n de libro revela saga de migrantes locales<\/li>\n<\/ul>\n<p style=\"text-align: justify;\" align=\"left\"><span style=\"font-size: 10pt; font-family: 'trebuchet ms', geneva, sans-serif;\"><strong>MARCO SERNA.-<\/strong> <\/span>El Ayuntamiento de Cerritos, ha anunciado su respaldo a la reedici\u00f3n de un importante libro sobre la migraci\u00f3n de la regi\u00f3n. Ma. Leticia V\u00e1zquez Hern\u00e1ndez, alcaldesa del municipio, recibi\u00f3 recientemente al Dr. Ram\u00f3n Alejandro Montoya, destacado investigador de la Facultad de Ciencias Sociales y Humanidades de la Universidad Aut\u00f3noma de San Luis Potos\u00ed (UASLP).<\/p>\n<p style=\"text-align: justify;\" align=\"left\">El Dr. Montoya, autor del libro original titulado \u00abLa migraci\u00f3n Potosina hacia Estados Unidos de Norteam\u00e9rica, antes y durante el programa braceros, el caso Cerritos\u00bb, present\u00f3 su proyecto para una nueva edici\u00f3n. Esta versi\u00f3n actualizada llevar\u00e1 por t\u00edtulo \u00abMemoria de un pueblo sin fronteras, el programa braceros en Cerritos San Luis Potos\u00ed\u00bb, reflejando la evoluci\u00f3n de la narrativa migratoria de este lugar.<\/p>\n<p style=\"text-align: justify;\" align=\"left\">La alcaldesa V\u00e1zquez Hern\u00e1ndez expres\u00f3 su entusiasmo por el proyecto, afirmando en una entrevista exclusiva con Plurinominal: \u00abEs un gusto para nosotros apoyar este proyecto. En pr\u00f3ximos d\u00edas, vamos a presentar este libro sobre el tema de los migrantes, que ser\u00e1 la reedici\u00f3n del primer trabajo del Dr. Montoya\u00bb.<\/p>\n<p style=\"text-align: justify;\" align=\"left\">El libro original, publicado hace a\u00f1os, trazaba la historia de la migraci\u00f3n desde Cerritos hacia Estados Unidos, un fen\u00f3meno que ha definido profundamente la identidad del municipio. Seg\u00fan el investigador, el \u00e9xodo comenz\u00f3 con el exilio de familias durante la Revoluci\u00f3n Mexicana, intensific\u00e1ndose en 1917 debido a una crisis agr\u00edcola y a la inestabilidad pol\u00edtica y econ\u00f3mica.<\/p>\n<p style=\"text-align: justify;\" align=\"left\">La obra detalla c\u00f3mo los cerritenses inicialmente se dirigieron a Texas, para luego expandir su presencia hacia Chicago en los a\u00f1os 20, atra\u00eddos por las oportunidades industriales. A pesar de las deportaciones masivas tras la crisis de 1929, el flujo migratorio se reanud\u00f3 con fuerza durante el Programa Bracero en los a\u00f1os 40, estableciendo un patr\u00f3n que persistir\u00eda en las d\u00e9cadas siguientes.<\/p>\n<p style=\"text-align: justify;\" align=\"left\">Esta nueva edici\u00f3n promete profundizar en estos temas, ofreciendo una perspectiva actualizada sobre el impacto duradero de estos movimientos migratorios en la comunidad de Cerritos. La colaboraci\u00f3n entre el gobierno municipal y la academia representa un paso importante en la documentaci\u00f3n y comprensi\u00f3n de la rica historia migratoria de la regi\u00f3n.<\/p>\n<p style=\"text-align: justify;\" align=\"left\">El lanzamiento del libro se anticipa como un evento significativo para Cerritos, subrayando la importancia de preservar y compartir las experiencias que han moldeado la identidad del municipio a lo largo de generaciones.<\/p>\n","protected":false},"excerpt":{"rendered":"<p>El Ayuntamiento de Cerritos, ha anunciado su respaldo a la reedici\u00f3n de un importante libro sobre la migraci\u00f3n de la regi\u00f3n. Ma. Leticia V\u00e1zquez Hern\u00e1ndez, alcaldesa del municipio, recibi\u00f3 recientemente al Dr. Ram\u00f3n Alejandro Montoya, destacado investigador de la Facultad de Ciencias Sociales y Humanidades de la Universidad Aut\u00f3noma de San Luis Potos\u00ed (UASLP).<\/p>\n","protected":false},"author":5,"featured_media":20409,"comment_status":"closed","ping_status":"open","sticky":false,"template":"","format":"standard","meta":{"footnotes":""},"categories":[3,486,485],"tags":[],"class_list":["post-20408","post","type-post","status-publish","format-standard","has-post-thumbnail","hentry","category-cerritos","category-educacion","category-sociales","entry","simple"],"_links":{"self":[{"href":"https:\/\/www.plurinominal.com.mx\/index.php?rest_route=\/wp\/v2\/posts\/20408","targetHints":{"allow":["GET"]}}],"collection":[{"href":"https:\/\/www.plurinominal.com.mx\/index.php?rest_route=\/wp\/v2\/posts"}],"about":[{"href":"https:\/\/www.plurinominal.com.mx\/index.php?rest_route=\/wp\/v2\/types\/post"}],"author":[{"embeddable":true,"href":"https:\/\/www.plurinominal.com.mx\/index.php?rest_route=\/wp\/v2\/users\/5"}],"replies":[{"embeddable":true,"href":"https:\/\/www.plurinominal.com.mx\/index.php?rest_route=%2Fwp%2Fv2%2Fcomments&post=20408"}],"version-history":[{"count":1,"href":"https:\/\/www.plurinominal.com.mx\/index.php?rest_route=\/wp\/v2\/posts\/20408\/revisions"}],"predecessor-version":[{"id":20410,"href":"https:\/\/www.plurinominal.com.mx\/index.php?rest_route=\/wp\/v2\/posts\/20408\/revisions\/20410"}],"wp:featuredmedia":[{"embeddable":true,"href":"https:\/\/www.plurinominal.com.mx\/index.php?rest_route=\/wp\/v2\/media\/20409"}],"wp:attachment":[{"href":"https:\/\/www.plurinominal.com.mx\/index.php?rest_route=%2Fwp%2Fv2%2Fmedia&parent=20408"}],"wp:term":[{"taxonomy":"category","embeddable":true,"href":"https:\/\/www.plurinominal.com.mx\/index.php?rest_route=%2Fwp%2Fv2%2Fcategories&post=20408"},{"taxonomy":"post_tag","embeddable":true,"href":"https:\/\/www.plurinominal.com.mx\/index.php?rest_route=%2Fwp%2Fv2%2Ftags&post=20408"}],"curies":[{"name":"wp","href":"https:\/\/api.w.org\/{rel}","templated":true}]}}