{"id":20454,"date":"2024-06-30T23:01:29","date_gmt":"2024-07-01T04:01:29","guid":{"rendered":"https:\/\/www.plurinominal.com.mx\/?p=20454"},"modified":"2024-07-05T23:02:27","modified_gmt":"2024-07-06T04:02:27","slug":"triunfo-musical","status":"publish","type":"post","link":"https:\/\/www.plurinominal.com.mx\/?p=20454","title":{"rendered":"\u00a1Triunfo musical!"},"content":{"rendered":"<ul>\n<li style=\"text-align: justify;\">Mateo Serna Landaverde gana concurso estatal<\/li>\n<\/ul>\n<p style=\"text-align: justify;\" align=\"left\"><span style=\"font-size: 10pt; font-family: 'trebuchet ms', geneva, sans-serif;\"><strong>REDACCI\u00d3N.-<\/strong> <\/span>Mateo Serna Landaverde, el talentoso pianista cerritense, ha dejado una huella imborrable en el mundo de la m\u00fasica. El pasado lunes 17 de junio, este joven alumno de la escuela primaria Benito Ju\u00e1rez se coron\u00f3 como ganador del concurso estatal en su categor\u00eda. Su destreza en las notas cautiv\u00f3 a los jurados y al p\u00fablico presente.<\/p>\n<p style=\"text-align: justify;\" align=\"left\">La Secretar\u00eda de Cultura del Gobierno del Estado de San Luis Potos\u00ed anunci\u00f3 los resultados de los Concursos Estatales Infantil y Juvenil 2024, y Mateo se alz\u00f3 con el primer lugar infantil. Adem\u00e1s, recibi\u00f3 el reconocimiento de sus compa\u00f1eros, como Isaac Ders\u00fa Cancino Escamilla (segundo lugar) y Dario Blanco Pesci (tercer lugar), junto con una menci\u00f3n honor\u00edfica para Jos\u00e9 Leonardo Delgado Soto.<\/p>\n<p style=\"text-align: justify;\" align=\"left\">La emoci\u00f3n no termina ah\u00ed. Mateo ser\u00e1 invitado a una ceremonia especial donde se le entregar\u00e1 su merecido premio. Su talento ha trascendido las fronteras locales, y poco a poco ha ganado fama estatal. Este domingo 30 de junio, particip\u00f3 en el recital de piano de los alumnos de la Mtra. Masha Tsyganova, originaria de Rusia, un evento imperdible para los amantes de la m\u00fasica cl\u00e1sica. La cita fue a las 12:00 pm en el Museo Francisco Coss\u00edo, organizado por la Secretar\u00eda De Cultura, el Gobierno del Estado y el Sistema Educativo Estatal Regular.<\/p>\n","protected":false},"excerpt":{"rendered":"<p>Mateo Serna Landaverde, el talentoso pianista cerritense, ha dejado una huella imborrable en el mundo de la m\u00fasica. El pasado lunes 17 de junio, este joven alumno de la escuela primaria Benito Ju\u00e1rez se coron\u00f3 como ganador del concurso estatal en su categor\u00eda. Su destreza en las notas cautiv\u00f3 a los jurados y al p\u00fablico presente.<\/p>\n","protected":false},"author":5,"featured_media":20455,"comment_status":"closed","ping_status":"open","sticky":false,"template":"","format":"standard","meta":{"footnotes":""},"categories":[483,486,484,485],"tags":[],"class_list":["post-20454","post","type-post","status-publish","format-standard","has-post-thumbnail","hentry","category-cultura","category-educacion","category-espectaculos","category-sociales","entry","simple"],"_links":{"self":[{"href":"https:\/\/www.plurinominal.com.mx\/index.php?rest_route=\/wp\/v2\/posts\/20454","targetHints":{"allow":["GET"]}}],"collection":[{"href":"https:\/\/www.plurinominal.com.mx\/index.php?rest_route=\/wp\/v2\/posts"}],"about":[{"href":"https:\/\/www.plurinominal.com.mx\/index.php?rest_route=\/wp\/v2\/types\/post"}],"author":[{"embeddable":true,"href":"https:\/\/www.plurinominal.com.mx\/index.php?rest_route=\/wp\/v2\/users\/5"}],"replies":[{"embeddable":true,"href":"https:\/\/www.plurinominal.com.mx\/index.php?rest_route=%2Fwp%2Fv2%2Fcomments&post=20454"}],"version-history":[{"count":1,"href":"https:\/\/www.plurinominal.com.mx\/index.php?rest_route=\/wp\/v2\/posts\/20454\/revisions"}],"predecessor-version":[{"id":20456,"href":"https:\/\/www.plurinominal.com.mx\/index.php?rest_route=\/wp\/v2\/posts\/20454\/revisions\/20456"}],"wp:featuredmedia":[{"embeddable":true,"href":"https:\/\/www.plurinominal.com.mx\/index.php?rest_route=\/wp\/v2\/media\/20455"}],"wp:attachment":[{"href":"https:\/\/www.plurinominal.com.mx\/index.php?rest_route=%2Fwp%2Fv2%2Fmedia&parent=20454"}],"wp:term":[{"taxonomy":"category","embeddable":true,"href":"https:\/\/www.plurinominal.com.mx\/index.php?rest_route=%2Fwp%2Fv2%2Fcategories&post=20454"},{"taxonomy":"post_tag","embeddable":true,"href":"https:\/\/www.plurinominal.com.mx\/index.php?rest_route=%2Fwp%2Fv2%2Ftags&post=20454"}],"curies":[{"name":"wp","href":"https:\/\/api.w.org\/{rel}","templated":true}]}}