{"id":20477,"date":"2024-07-01T17:46:34","date_gmt":"2024-07-01T22:46:34","guid":{"rendered":"https:\/\/www.plurinominal.com.mx\/?p=20477"},"modified":"2024-07-11T17:48:34","modified_gmt":"2024-07-11T22:48:34","slug":"evolucion-especulativa-un-viaje-artistico-de-varios-dias","status":"publish","type":"post","link":"https:\/\/www.plurinominal.com.mx\/?p=20477","title":{"rendered":"\u201cEvoluci\u00f3n Especulativa\u00bb: un viaje art\u00edstico de varios d\u00edas"},"content":{"rendered":"<ul>\n<li style=\"text-align: justify;\">Casa Canera celebra el talento de Carlo Alessio Mart\u00ednez<\/li>\n<\/ul>\n<p style=\"text-align: justify;\" align=\"left\"><span style=\"font-size: 10pt; font-family: 'trebuchet ms', geneva, sans-serif;\"><strong>BETO GUERRERO.-<\/strong><\/span> El 29 de junio de 2024 se clausur\u00f3 la exposici\u00f3n \u00abEvoluci\u00f3n Especulativa\u00bb de Carlo Alessio Mart\u00ednez Guerrero en la Casa Canera, un evento que destac\u00f3 la creatividad y dedicaci\u00f3n del joven artista. Carlo, hijo de la cerritense M\u00f3nica Aide\u00e9 Guerrero Orozco y Carlos Alberto Mart\u00ednez V\u00e1zquez, ha estado interesado en la evoluci\u00f3n de especies desde ni\u00f1o, imaginando y creando figuras que representan una evoluci\u00f3n alternativa de la fauna.<\/p>\n<p style=\"text-align: justify;\" align=\"left\">Durante la clausura, sus profesores Alan y \u00abHommie\u00bb le desearon \u00e9xito en sus futuros proyectos, reconociendo el talento y esfuerzo de Carlo. Tanto ellos como sus padres han apoyado constantemente su educaci\u00f3n en la Escuela de Artes y Oficios, y agradecieron a la Casa Canera por proporcionar un espacio que fomenta el talento art\u00edstico de j\u00f3venes de San Luis Potos\u00ed.<\/p>\n<p style=\"text-align: justify;\" align=\"left\">La exposici\u00f3n, que estuvo abierta desde abril, es el resultado de la alianza entre escuelas de iniciaci\u00f3n art\u00edstica y el Centro de las Artes. La muestra present\u00f3 animales fant\u00e1sticos creados por Carlo, fusionando diferentes especies para dar vida a seres imaginarios \u00fanicos. Estas creaciones no solo capturaron la atenci\u00f3n de sus maestros, sino que tambi\u00e9n despertaron la admiraci\u00f3n de visitantes y cr\u00edticos.<\/p>\n<p style=\"text-align: justify;\" align=\"left\">Desde sus primeros d\u00edas en la Escuela de Iniciaci\u00f3n Art\u00edstica, Carlo se destac\u00f3 por llegar a clase con nuevas piezas, lo que llev\u00f3 a sus maestros a animarlo a exponer su trabajo. La maestra Leticia, una figura clave en su formaci\u00f3n, tambi\u00e9n recibi\u00f3 un agradecimiento especial por su continuo apoyo.<\/p>\n<p style=\"text-align: justify;\" align=\"left\">La Casa Canera, ubicada en la calle Antonio Otahegui 330, en la capital, es un espacio independiente conocido por su fachada amarilla y su proximidad al Museo del Ferrocarril. Este lugar ha sido fundamental para el desarrollo de Carlo y otros j\u00f3venes artistas, brindando un entorno propicio para el crecimiento creativo y la expresi\u00f3n art\u00edstica.<\/p>\n<p style=\"text-align: justify;\" align=\"left\">En sus palabras de cierre, Carlo habl\u00f3 sobre sus figuras favoritas y el proceso de creaci\u00f3n de estos seres, mencionando que tambi\u00e9n realiza encargos para seguidores, amigos y maestros. Su trabajo no solo es una exploraci\u00f3n art\u00edstica sino tambi\u00e9n un reflejo de su pasi\u00f3n por la naturaleza y la ciencia.<\/p>\n<p style=\"text-align: justify;\" align=\"left\">La clausura de \u00abEvoluci\u00f3n Especulativa\u00bb no es el final, sino el comienzo de nuevas oportunidades para Carlo Alessio Mart\u00ednez Guerrero, quien continuar\u00e1 su viaje creativo, inspirado y apoyado por su familia, maestros y la comunidad art\u00edstica de San Luis Potos\u00ed.<\/p>\n","protected":false},"excerpt":{"rendered":"<p>El 29 de junio de 2024 se clausur\u00f3 la exposici\u00f3n \u00abEvoluci\u00f3n Especulativa\u00bb de Carlo Alessio Mart\u00ednez Guerrero en la Casa Canera, un evento que destac\u00f3 la creatividad y dedicaci\u00f3n del joven artista. Carlo, hijo de la cerritense M\u00f3nica Aide\u00e9 Guerrero Orozco y Carlos Alberto Mart\u00ednez V\u00e1zquez, ha estado interesado en la evoluci\u00f3n de especies desde ni\u00f1o, imaginando y creando figuras que representan una evoluci\u00f3n alternativa de la fauna.<\/p>\n","protected":false},"author":5,"featured_media":20478,"comment_status":"closed","ping_status":"open","sticky":false,"template":"","format":"standard","meta":{"footnotes":""},"categories":[483,486,485],"tags":[],"class_list":["post-20477","post","type-post","status-publish","format-standard","has-post-thumbnail","hentry","category-cultura","category-educacion","category-sociales","entry","simple"],"_links":{"self":[{"href":"https:\/\/www.plurinominal.com.mx\/index.php?rest_route=\/wp\/v2\/posts\/20477","targetHints":{"allow":["GET"]}}],"collection":[{"href":"https:\/\/www.plurinominal.com.mx\/index.php?rest_route=\/wp\/v2\/posts"}],"about":[{"href":"https:\/\/www.plurinominal.com.mx\/index.php?rest_route=\/wp\/v2\/types\/post"}],"author":[{"embeddable":true,"href":"https:\/\/www.plurinominal.com.mx\/index.php?rest_route=\/wp\/v2\/users\/5"}],"replies":[{"embeddable":true,"href":"https:\/\/www.plurinominal.com.mx\/index.php?rest_route=%2Fwp%2Fv2%2Fcomments&post=20477"}],"version-history":[{"count":1,"href":"https:\/\/www.plurinominal.com.mx\/index.php?rest_route=\/wp\/v2\/posts\/20477\/revisions"}],"predecessor-version":[{"id":20479,"href":"https:\/\/www.plurinominal.com.mx\/index.php?rest_route=\/wp\/v2\/posts\/20477\/revisions\/20479"}],"wp:featuredmedia":[{"embeddable":true,"href":"https:\/\/www.plurinominal.com.mx\/index.php?rest_route=\/wp\/v2\/media\/20478"}],"wp:attachment":[{"href":"https:\/\/www.plurinominal.com.mx\/index.php?rest_route=%2Fwp%2Fv2%2Fmedia&parent=20477"}],"wp:term":[{"taxonomy":"category","embeddable":true,"href":"https:\/\/www.plurinominal.com.mx\/index.php?rest_route=%2Fwp%2Fv2%2Fcategories&post=20477"},{"taxonomy":"post_tag","embeddable":true,"href":"https:\/\/www.plurinominal.com.mx\/index.php?rest_route=%2Fwp%2Fv2%2Ftags&post=20477"}],"curies":[{"name":"wp","href":"https:\/\/api.w.org\/{rel}","templated":true}]}}