{"id":20541,"date":"2024-07-16T23:32:40","date_gmt":"2024-07-17T04:32:40","guid":{"rendered":"https:\/\/www.plurinominal.com.mx\/?p=20541"},"modified":"2024-07-23T23:33:52","modified_gmt":"2024-07-24T04:33:52","slug":"lagrimas-en-los-pupitres","status":"publish","type":"post","link":"https:\/\/www.plurinominal.com.mx\/?p=20541","title":{"rendered":"L\u00e1grimas en los pupitres"},"content":{"rendered":"<ul>\n<li style=\"text-align: justify;\">La maestra Martha Adriana Zapata Rangel deja un legado educativo en Matehuala, Cerritos y Guadalc\u00e1zar<\/li>\n<\/ul>\n<p style=\"text-align: justify;\" align=\"left\"><span style=\"font-size: 10pt; font-family: 'trebuchet ms', geneva, sans-serif;\"><strong>MARCO SERNA.-<\/strong> <\/span>La comunidad educativa y pol\u00edtica de la regi\u00f3n de Matehuala, Cerritos y Guadalc\u00e1zar en San Luis Potos\u00ed se ha visto conmovida por el fallecimiento de la Maestra Martha Adriana Zapata Rangel, ocurrido el s\u00e1bado 13 de julio. La noticia ha generado una ola de condolencias y homenajes que reflejan el impacto positivo que tuvo en su entorno profesional y personal.<\/p>\n<p style=\"text-align: justify;\" align=\"left\">Originaria de El Huizache, la Maestra Zapata Rangel desarroll\u00f3 una carrera destacada en el \u00e1mbito educativo y pol\u00edtico de la regi\u00f3n. Su trayectoria incluye una d\u00e9cada como profesora de espa\u00f1ol en la Escuela Secundaria Manuel Jos\u00e9 Oth\u00f3n \u00abSecundaria 10\u00bb en Cerritos, donde dej\u00f3 una huella imborrable entre sus colegas y alumnos. Posteriormente, tras aprobar el examen correspondiente, asumi\u00f3 la direcci\u00f3n de la Secundaria Francisco Zarco en Matehuala, cargo que desempe\u00f1aba al momento de su fallecimiento.<\/p>\n<p style=\"text-align: justify;\" align=\"left\">Su labor docente se extendi\u00f3 m\u00e1s all\u00e1 de las aulas, participando activamente en organizaciones pol\u00edticas vinculadas a sindicatos de maestros. En 2010, fue nombrada presidenta de Democracia Social en Guadalc\u00e1zar, junto a otros colegas que asumieron roles similares en municipios vecinos. Adem\u00e1s, su compromiso pol\u00edtico la llev\u00f3 a ser convocada a la Asamblea Municipal de Consejeros Pol\u00edticos de Guadalc\u00e1zar como parte del PRI, demostrando su versatilidad y liderazgo en diferentes esferas.<\/p>\n<p style=\"text-align: justify;\" align=\"left\">La noticia de su deceso ha provocado numerosas muestras de pesar. Gumaro Verd\u00edn Puente, alcalde electo de Guadalc\u00e1zar, y Panchito P\u00e9rez, actual Presidente Municipal, expresaron sus condolencias, destacando la gratitud y el desprendimiento que caracterizaron a la maestra. La Escuela Secundaria Manuel Jos\u00e9 Oth\u00f3n de Cerritos emiti\u00f3 un sentido mensaje de duelo, describiendo a la Maestra Zapata como \u00abla amiga, la mujer fuerte, la compa\u00f1era, la mujer pol\u00edtica, la madre resiliente, la mujer defensora de la justicia\u00bb.<\/p>\n<p style=\"text-align: justify;\" align=\"left\">El domingo 14 de julio se llev\u00f3 a cabo un Homenaje F\u00fanebre en su honor, reuniendo a familiares, amigos, colegas y alumnos de la Secundaria Francisco Zarco, para despedir a quien fuera un pilar en la comunidad educativa. Su cuerpo fue velado en la sala 2 de Jardines de la Luz, donde muchos se acercaron para ofrecer sus respetos en Matehuala. La Inhumaci\u00f3n fue en Jardines del Cementerio.<\/p>\n<p style=\"text-align: justify;\" align=\"left\">La trayectoria de la Maestra Martha Adriana Zapata Rangel no solo abarc\u00f3 su labor en Cerritos y Matehuala, sino que tambi\u00e9n incluy\u00f3 trabajo en educaci\u00f3n especial en \u00c1brego, Guadalc\u00e1zar, demostrando su dedicaci\u00f3n a diversas \u00e1reas de la ense\u00f1anza, adem\u00e1s fue regidora por el PRI, en la administraci\u00f3n 2007-2009 en Guadalc\u00e1zar, junto al presidente Jos\u00e9 Luis Mart\u00ednez Mel\u00e9ndez.<\/p>\n<p style=\"text-align: justify;\" align=\"left\">Las numerosas muestras de afecto y reconocimiento son testimonio del impacto positivo que tuvo en las vidas de quienes la conocieron, tanto en el \u00e1mbito profesional como personal.<\/p>\n","protected":false},"excerpt":{"rendered":"<p>La comunidad educativa y pol\u00edtica de la regi\u00f3n de Matehuala, Cerritos y Guadalc\u00e1zar en San Luis Potos\u00ed se ha visto conmovida por el fallecimiento de la Maestra Martha Adriana Zapata Rangel, ocurrido el s\u00e1bado 13 de julio. La noticia ha generado una ola de condolencias y homenajes que reflejan el impacto positivo que tuvo en su entorno profesional y personal.<\/p>\n","protected":false},"author":5,"featured_media":20542,"comment_status":"closed","ping_status":"open","sticky":false,"template":"","format":"standard","meta":{"footnotes":""},"categories":[3,486,6,485],"tags":[],"class_list":["post-20541","post","type-post","status-publish","format-standard","has-post-thumbnail","hentry","category-cerritos","category-educacion","category-guadalcazar","category-sociales","entry","simple"],"_links":{"self":[{"href":"https:\/\/www.plurinominal.com.mx\/index.php?rest_route=\/wp\/v2\/posts\/20541","targetHints":{"allow":["GET"]}}],"collection":[{"href":"https:\/\/www.plurinominal.com.mx\/index.php?rest_route=\/wp\/v2\/posts"}],"about":[{"href":"https:\/\/www.plurinominal.com.mx\/index.php?rest_route=\/wp\/v2\/types\/post"}],"author":[{"embeddable":true,"href":"https:\/\/www.plurinominal.com.mx\/index.php?rest_route=\/wp\/v2\/users\/5"}],"replies":[{"embeddable":true,"href":"https:\/\/www.plurinominal.com.mx\/index.php?rest_route=%2Fwp%2Fv2%2Fcomments&post=20541"}],"version-history":[{"count":1,"href":"https:\/\/www.plurinominal.com.mx\/index.php?rest_route=\/wp\/v2\/posts\/20541\/revisions"}],"predecessor-version":[{"id":20543,"href":"https:\/\/www.plurinominal.com.mx\/index.php?rest_route=\/wp\/v2\/posts\/20541\/revisions\/20543"}],"wp:featuredmedia":[{"embeddable":true,"href":"https:\/\/www.plurinominal.com.mx\/index.php?rest_route=\/wp\/v2\/media\/20542"}],"wp:attachment":[{"href":"https:\/\/www.plurinominal.com.mx\/index.php?rest_route=%2Fwp%2Fv2%2Fmedia&parent=20541"}],"wp:term":[{"taxonomy":"category","embeddable":true,"href":"https:\/\/www.plurinominal.com.mx\/index.php?rest_route=%2Fwp%2Fv2%2Fcategories&post=20541"},{"taxonomy":"post_tag","embeddable":true,"href":"https:\/\/www.plurinominal.com.mx\/index.php?rest_route=%2Fwp%2Fv2%2Ftags&post=20541"}],"curies":[{"name":"wp","href":"https:\/\/api.w.org\/{rel}","templated":true}]}}