{"id":20563,"date":"2024-07-17T20:09:20","date_gmt":"2024-07-18T01:09:20","guid":{"rendered":"https:\/\/www.plurinominal.com.mx\/?p=20563"},"modified":"2024-07-25T20:11:42","modified_gmt":"2024-07-26T01:11:42","slug":"educacion-y-tortura","status":"publish","type":"post","link":"https:\/\/www.plurinominal.com.mx\/?p=20563","title":{"rendered":"Educaci\u00f3n y tortura"},"content":{"rendered":"<ul>\n<li style=\"text-align: justify;\">El oscuro secreto de algunos profesores<\/li>\n<\/ul>\n<p style=\"text-align: justify;\" align=\"left\"><span style=\"font-size: 10pt; font-family: 'trebuchet ms', geneva, sans-serif;\"><strong>JOS\u00c9 \u00c1NGEL MTZ.-<\/strong><\/span> La \u00abpedagog\u00eda del terror\u00bb es un concepto alarmante que describe pr\u00e1cticas educativas abusivas y da\u00f1inas. Seg\u00fan la informaci\u00f3n proporcionada por Terceravia.mx, este fen\u00f3meno se manifiesta de diversas formas en el \u00e1mbito educativo, todas ellas perjudiciales para el bienestar y desarrollo de los estudiantes.<\/p>\n<p style=\"text-align: justify;\" align=\"left\">En primer lugar, se caracteriza por el maltrato psicol\u00f3gico que algunos profesores infligen a sus alumnos, presion\u00e1ndolos y abusando de ellos bajo el pretexto de actuar \u00abpor su bien\u00bb. Esta justificaci\u00f3n err\u00f3nea encubre un comportamiento que da\u00f1a la autoestima y el bienestar emocional de los estudiantes.<\/p>\n<p style=\"text-align: justify;\" align=\"left\">El segundo aspecto de esta pr\u00e1ctica nociva implica la humillaci\u00f3n y ridiculizaci\u00f3n de los alumnos. Algunos educadores, equivocadamente, creen que estas t\u00e1cticas motivan a los estudiantes a \u00absuperarse\u00bb. Sin embargo, esta actitud solo busca engrandecer la figura del profesor mediante el ejercicio violento de la autoridad, creando un ambiente de aprendizaje hostil y contraproducente.<\/p>\n<p style=\"text-align: justify;\" align=\"left\">Un tercer elemento preocupante es la normalizaci\u00f3n del maltrato y la creaci\u00f3n de relaciones de abuso romantizado entre profesores y alumnos. Esta din\u00e1mica distorsiona los l\u00edmites apropiados en la relaci\u00f3n educador-estudiante y puede tener consecuencias psicol\u00f3gicas graves a largo plazo.<\/p>\n<p style=\"text-align: justify;\" align=\"left\">Por \u00faltimo, la pedagog\u00eda del terror se manifiesta cuando los profesores carecen de empat\u00eda y atropellan la salud f\u00edsica, emocional y mental de los alumnos, supuestamente para \u00abprepararles\u00bb para el futuro. Este enfoque ignora por completo las necesidades de desarrollo integral de los estudiantes y puede causar da\u00f1os duraderos.<\/p>\n<p style=\"text-align: justify;\" align=\"left\">La verdadera pedagog\u00eda debe basarse en el respeto, la empat\u00eda y el fomento de un ambiente de aprendizaje seguro y positivo. La concientizaci\u00f3n sobre la pedagog\u00eda del terror es un paso importante para transformar el sistema educativo y garantizar que las aulas sean espacios de crecimiento, aprendizaje y desarrollo positivo para todos los estudiantes.<\/p>\n","protected":false},"excerpt":{"rendered":"<p>La \u00abpedagog\u00eda del terror\u00bb es un concepto alarmante que describe pr\u00e1cticas educativas abusivas y da\u00f1inas. Seg\u00fan la informaci\u00f3n proporcionada por Terceravia.mx, este fen\u00f3meno se manifiesta de diversas formas en el \u00e1mbito educativo, todas ellas perjudiciales para el bienestar y desarrollo de los estudiantes.<\/p>\n","protected":false},"author":5,"featured_media":20564,"comment_status":"closed","ping_status":"open","sticky":false,"template":"","format":"standard","meta":{"footnotes":""},"categories":[3,486,485],"tags":[],"class_list":["post-20563","post","type-post","status-publish","format-standard","has-post-thumbnail","hentry","category-cerritos","category-educacion","category-sociales","entry","simple"],"_links":{"self":[{"href":"https:\/\/www.plurinominal.com.mx\/index.php?rest_route=\/wp\/v2\/posts\/20563","targetHints":{"allow":["GET"]}}],"collection":[{"href":"https:\/\/www.plurinominal.com.mx\/index.php?rest_route=\/wp\/v2\/posts"}],"about":[{"href":"https:\/\/www.plurinominal.com.mx\/index.php?rest_route=\/wp\/v2\/types\/post"}],"author":[{"embeddable":true,"href":"https:\/\/www.plurinominal.com.mx\/index.php?rest_route=\/wp\/v2\/users\/5"}],"replies":[{"embeddable":true,"href":"https:\/\/www.plurinominal.com.mx\/index.php?rest_route=%2Fwp%2Fv2%2Fcomments&post=20563"}],"version-history":[{"count":1,"href":"https:\/\/www.plurinominal.com.mx\/index.php?rest_route=\/wp\/v2\/posts\/20563\/revisions"}],"predecessor-version":[{"id":20565,"href":"https:\/\/www.plurinominal.com.mx\/index.php?rest_route=\/wp\/v2\/posts\/20563\/revisions\/20565"}],"wp:featuredmedia":[{"embeddable":true,"href":"https:\/\/www.plurinominal.com.mx\/index.php?rest_route=\/wp\/v2\/media\/20564"}],"wp:attachment":[{"href":"https:\/\/www.plurinominal.com.mx\/index.php?rest_route=%2Fwp%2Fv2%2Fmedia&parent=20563"}],"wp:term":[{"taxonomy":"category","embeddable":true,"href":"https:\/\/www.plurinominal.com.mx\/index.php?rest_route=%2Fwp%2Fv2%2Fcategories&post=20563"},{"taxonomy":"post_tag","embeddable":true,"href":"https:\/\/www.plurinominal.com.mx\/index.php?rest_route=%2Fwp%2Fv2%2Ftags&post=20563"}],"curies":[{"name":"wp","href":"https:\/\/api.w.org\/{rel}","templated":true}]}}