{"id":20569,"date":"2024-07-19T10:32:22","date_gmt":"2024-07-19T15:32:22","guid":{"rendered":"https:\/\/www.plurinominal.com.mx\/?p=20569"},"modified":"2024-07-28T10:33:22","modified_gmt":"2024-07-28T15:33:22","slug":"20569","status":"publish","type":"post","link":"https:\/\/www.plurinominal.com.mx\/?p=20569","title":{"rendered":"Cerriles 2218"},"content":{"rendered":"<p style=\"text-align: justify;\" align=\"left\">La condena de 50 a\u00f1os de prisi\u00f3n para los responsables del secuestro de una funcionaria en Tamaulipas representa un triunfo significativo en la lucha contra el secuestro y env\u00eda un mensaje claro sobre las consecuencias de este delito. La Fiscal\u00eda Especializada en Materia de Derechos Humanos de San Luis Potos\u00ed mostr\u00f3 su determinaci\u00f3n al llevar el caso a juicio y asegurar una sentencia ejemplar. La v\u00edctima, secuestrada en diciembre de 2021, sufri\u00f3 no solo la privaci\u00f3n de su libertad sino tambi\u00e9n agresiones f\u00edsicas y psicol\u00f3gicas, con la amenaza de una demanda de un mill\u00f3n de pesos por su rescate. El desenlace de este caso fue posible gracias a la intervenci\u00f3n oportuna de la polic\u00eda estatal, alertada por un reporte an\u00f3nimo. La coordinaci\u00f3n entre la Unidad Especializada en Combate al Secuestro y la Guardia Civil Estatal fue crucial para la liberaci\u00f3n de la v\u00edctima y la detenci\u00f3n de los secuestradores en Los Quiotes. Sin embargo, el desarrollo del operativo, descrito como una casualidad afortunada, revela \u00e1reas de mejora en la preparaci\u00f3n y ejecuci\u00f3n de acciones de rescate. El juicio y la condena de los secuestradores subrayan la importancia de mantener un sistema judicial s\u00f3lido y eficiente que garantice la justicia para las v\u00edctimas. Adem\u00e1s, el castigo severo y la compensaci\u00f3n a la mujer no solo buscan hacer justicia, sino tambi\u00e9n disuadir a potenciales delincuentes de seguir el mismo camino. La sentencia es un recordatorio de que el sistema judicial debe continuar fortaleciendo su capacidad para responder eficazmente a tales cr\u00edmenes y proteger a la sociedad de actos violentos que amenazan la seguridad y la paz social, aunque claro, la justicia sigue siendo tard\u00eda.<\/p>\n<p style=\"text-align: justify;\" align=\"left\">La reciente interrupci\u00f3n global en los sistemas de Microsoft debido a una actualizaci\u00f3n defectuosa del software de Crowdstrike resalta la vulnerabilidad de las infraestructuras tecnol\u00f3gicas interconectadas. En un mundo donde la digitalizaci\u00f3n es la columna vertebral de operaciones comerciales y servicios cr\u00edticos, el fallo subraya la necesidad urgente de implementar mecanismos robustos de prevenci\u00f3n y respuesta ante errores t\u00e9cnicos. A pesar de que Crowdstrike aclar\u00f3 que no se trat\u00f3 de un ciberataque, las consecuencias de la falla fueron severas, afectando a bancos, aerol\u00edneas y hospitales. Esta situaci\u00f3n destaca la importancia de contar con protocolos de contingencia eficaces que permitan mitigar el impacto de tales interrupciones. Los sectores m\u00e1s afectados, aunque lograron restablecer sus operaciones, sufrieron demoras que afectaron tanto a la econom\u00eda como a la confianza de los usuarios en las plataformas digitales. Es esencial que tanto Microsoft como Crowdstrike tomen medidas para fortalecer sus procesos de actualizaci\u00f3n y asegurar que sus sistemas sean m\u00e1s resilientes a fallos similares en el futuro. La inversi\u00f3n en tecnolog\u00eda debe ir acompa\u00f1ada de un compromiso con la estabilidad y la seguridad, garantizando que los servicios esenciales no queden paralizados por fallos t\u00e9cnicos. Adem\u00e1s, la transparencia y comunicaci\u00f3n efectiva por parte de las empresas afectadas es crucial para mantener la confianza del p\u00fablico. Por cierto, \u00bftienen las empresas locales sus datos bien respaldados?<\/p>\n<p style=\"text-align: justify;\" align=\"left\">La presencia del llamado \u00abEscuadr\u00f3n de la Muerte\u00bb, compuesto por personas con problemas de adicci\u00f3n que utilizan espacios p\u00fablicos para beber, es una se\u00f1al clara de que se requieren soluciones urgentes. La ausencia de un centro de tratamiento especializado para las adicciones en Cerritos refleja una brecha significativa en la atenci\u00f3n a la salud mental y el bienestar social de sus habitantes. Sin programas de rehabilitaci\u00f3n y apoyo adecuados, los problemas de alcoholismo seguir\u00e1n proliferando, afectando la calidad de vida y la seguridad de la poblaci\u00f3n cada vez m\u00e1s joven y adicta, en un municipio donde cada vez hay m\u00e1s centros de vicio. Es necesario que las autoridades municipales y estatales asuman un compromiso serio para implementar pol\u00edticas p\u00fablicas que aborden esta problem\u00e1tica de ra\u00edz. La creaci\u00f3n de centros de rehabilitaci\u00f3n y la promoci\u00f3n de campa\u00f1as de concienciaci\u00f3n sobre los efectos del alcoholismo y drogadicci\u00f3n, son pasos esenciales para mitigar este problema. Asimismo, es crucial fomentar la colaboraci\u00f3n entre las instituciones de salud, el gobierno y las organizaciones civiles para ofrecer soluciones efectivas y sostenibles que permitan a las personas afectadas por el alcoholismo recibir el tratamiento necesario y reintegrarse a la sociedad de manera productiva. La inacci\u00f3n no solo perpet\u00faa el ciclo de adicci\u00f3n y marginalizaci\u00f3n, sino que tambi\u00e9n compromete el desarrollo y la seguridad de la comunidad en su conjunto.<\/p>\n<p style=\"text-align: justify;\" align=\"left\">Nos leemos la pr\u00f3xima&#8230;<\/p>\n","protected":false},"excerpt":{"rendered":"<p>La condena de 50 a\u00f1os de prisi\u00f3n para los responsables del secuestro de una funcionaria en Tamaulipas representa un triunfo significativo en la lucha contra el secuestro y env\u00eda un mensaje claro sobre las consecuencias de este delito. La Fiscal\u00eda Especializada en Materia de Derechos Humanos de San Luis Potos\u00ed mostr\u00f3 su determinaci\u00f3n al llevar el caso a juicio y asegurar una sentencia ejemplar. La v\u00edctima, secuestrada en diciembre de 2021, sufri\u00f3 no solo la privaci\u00f3n de su libertad sino tambi\u00e9n agresiones f\u00edsicas y psicol\u00f3gicas, con la amenaza de una demanda de un mill\u00f3n de pesos por su rescate. El desenlace de este caso fue posible gracias a la intervenci\u00f3n oportuna de la polic\u00eda estatal, alertada por un reporte an\u00f3nimo. La coordinaci\u00f3n entre la Unidad Especializada en Combate al Secuestro y la Guardia Civil Estatal fue crucial para la liberaci\u00f3n de la v\u00edctima y la detenci\u00f3n de los secuestradores en Los Quiotes. Sin embargo, el desarrollo del operativo, descrito como una casualidad afortunada, revela \u00e1reas de mejora en la preparaci\u00f3n y ejecuci\u00f3n de acciones de rescate. El juicio y la condena de los secuestradores subrayan la importancia de mantener un sistema judicial s\u00f3lido y eficiente que garantice la justicia para las v\u00edctimas. Adem\u00e1s, el castigo severo y la compensaci\u00f3n a la mujer no solo buscan hacer justicia, sino tambi\u00e9n disuadir a potenciales delincuentes de seguir el mismo camino. La sentencia es un recordatorio de que el sistema judicial debe continuar fortaleciendo su capacidad para responder eficazmente a tales cr\u00edmenes y proteger a la sociedad de actos violentos que amenazan la seguridad y la paz social, aunque claro, la justicia sigue siendo tard\u00eda.<\/p>\n","protected":false},"author":5,"featured_media":20570,"comment_status":"closed","ping_status":"open","sticky":false,"template":"","format":"standard","meta":{"footnotes":""},"categories":[1,3,5,485],"tags":[],"class_list":["post-20569","post","type-post","status-publish","format-standard","has-post-thumbnail","hentry","category-cerriles","category-cerritos","category-opinion","category-sociales","entry","simple"],"_links":{"self":[{"href":"https:\/\/www.plurinominal.com.mx\/index.php?rest_route=\/wp\/v2\/posts\/20569","targetHints":{"allow":["GET"]}}],"collection":[{"href":"https:\/\/www.plurinominal.com.mx\/index.php?rest_route=\/wp\/v2\/posts"}],"about":[{"href":"https:\/\/www.plurinominal.com.mx\/index.php?rest_route=\/wp\/v2\/types\/post"}],"author":[{"embeddable":true,"href":"https:\/\/www.plurinominal.com.mx\/index.php?rest_route=\/wp\/v2\/users\/5"}],"replies":[{"embeddable":true,"href":"https:\/\/www.plurinominal.com.mx\/index.php?rest_route=%2Fwp%2Fv2%2Fcomments&post=20569"}],"version-history":[{"count":2,"href":"https:\/\/www.plurinominal.com.mx\/index.php?rest_route=\/wp\/v2\/posts\/20569\/revisions"}],"predecessor-version":[{"id":20572,"href":"https:\/\/www.plurinominal.com.mx\/index.php?rest_route=\/wp\/v2\/posts\/20569\/revisions\/20572"}],"wp:featuredmedia":[{"embeddable":true,"href":"https:\/\/www.plurinominal.com.mx\/index.php?rest_route=\/wp\/v2\/media\/20570"}],"wp:attachment":[{"href":"https:\/\/www.plurinominal.com.mx\/index.php?rest_route=%2Fwp%2Fv2%2Fmedia&parent=20569"}],"wp:term":[{"taxonomy":"category","embeddable":true,"href":"https:\/\/www.plurinominal.com.mx\/index.php?rest_route=%2Fwp%2Fv2%2Fcategories&post=20569"},{"taxonomy":"post_tag","embeddable":true,"href":"https:\/\/www.plurinominal.com.mx\/index.php?rest_route=%2Fwp%2Fv2%2Ftags&post=20569"}],"curies":[{"name":"wp","href":"https:\/\/api.w.org\/{rel}","templated":true}]}}