{"id":2060,"date":"2012-03-16T11:16:02","date_gmt":"2012-03-16T17:16:02","guid":{"rendered":"http:\/\/www.plurinominal.com.mx\/?p=2060"},"modified":"2012-03-16T11:16:02","modified_gmt":"2012-03-16T17:16:02","slug":"nombran-a-dos-coordinadores-para-campana-de-quintero","status":"publish","type":"post","link":"https:\/\/www.plurinominal.com.mx\/?p=2060","title":{"rendered":"Nombran a dos coordinadores para campa\u00f1a de Quintero"},"content":{"rendered":"<p><em>Marco Serna.-<\/em> Jes\u00fas Villafuerte y Ra\u00fal Reyes, son los nombres de los coordinadores de campa\u00f1a del Profesor Jorge Quintero.<br \/>\nLa determinaci\u00f3n fue comunicada al interior de ese partido desde inicios del presente mes y tom\u00f3 por sorpresa a algunos sectores del municipio dado que es casi costumbre, que quien ocupa ese cargo, es generalmente quien termina como Secretario del H. Ayuntamiento.<br \/>\nSe explic\u00f3 que el Maestro Villafuerte cuenta con una carrera pri\u00edsta respetable y se conf\u00eda en una estrategia s\u00f3lida, mientras que Ra\u00fal Reyes tambi\u00e9n tiene trabajo pol\u00edtico por ese partido.<br \/>\nPri\u00edstas reconocieron que estar al frente de la campa\u00f1a, es estresante.<br \/>\n\u201cSon 45 d\u00edas de intenso trabajo y antes de la mitad, muchos se sienten presionados\u2026 se han dado casos en que algunos han querido dejar todo atr\u00e1s, por eso se determinaron dos nombramientos para aligerar la carga de trabajo\u201d. Se explic\u00f3 a este medio.<br \/>\nEntre el organigrama del equipo, se mencionan coordinadores, subcoordinadores, encargado de agenda, de eventos, coordinador de seccionales urbanos y rurales, encargado de ruta, presidente de secci\u00f3n, y una persona exclusiva para los asuntos electorales.<\/p>\n<p><em>EN LA IMAGEN:<\/em> Profesor Jes\u00fas Villafuerte. <em>ARCHIVO PN.<\/em><\/p>\n","protected":false},"excerpt":{"rendered":"<p>Marco Serna.- Jes\u00fas Villafuerte y Ra\u00fal Reyes, son los nombres de los coordinadores de campa\u00f1a del Profesor Jorge Quintero. La determinaci\u00f3n fue comunicada al interior de ese partido desde inicios&#8230;<\/p>\n","protected":false},"author":1,"featured_media":2061,"comment_status":"closed","ping_status":"open","sticky":false,"template":"","format":"standard","meta":{"footnotes":""},"categories":[3],"tags":[],"class_list":["post-2060","post","type-post","status-publish","format-standard","has-post-thumbnail","hentry","category-cerritos","entry","simple"],"_links":{"self":[{"href":"https:\/\/www.plurinominal.com.mx\/index.php?rest_route=\/wp\/v2\/posts\/2060","targetHints":{"allow":["GET"]}}],"collection":[{"href":"https:\/\/www.plurinominal.com.mx\/index.php?rest_route=\/wp\/v2\/posts"}],"about":[{"href":"https:\/\/www.plurinominal.com.mx\/index.php?rest_route=\/wp\/v2\/types\/post"}],"author":[{"embeddable":true,"href":"https:\/\/www.plurinominal.com.mx\/index.php?rest_route=\/wp\/v2\/users\/1"}],"replies":[{"embeddable":true,"href":"https:\/\/www.plurinominal.com.mx\/index.php?rest_route=%2Fwp%2Fv2%2Fcomments&post=2060"}],"version-history":[{"count":0,"href":"https:\/\/www.plurinominal.com.mx\/index.php?rest_route=\/wp\/v2\/posts\/2060\/revisions"}],"wp:featuredmedia":[{"embeddable":true,"href":"https:\/\/www.plurinominal.com.mx\/index.php?rest_route=\/wp\/v2\/media\/2061"}],"wp:attachment":[{"href":"https:\/\/www.plurinominal.com.mx\/index.php?rest_route=%2Fwp%2Fv2%2Fmedia&parent=2060"}],"wp:term":[{"taxonomy":"category","embeddable":true,"href":"https:\/\/www.plurinominal.com.mx\/index.php?rest_route=%2Fwp%2Fv2%2Fcategories&post=2060"},{"taxonomy":"post_tag","embeddable":true,"href":"https:\/\/www.plurinominal.com.mx\/index.php?rest_route=%2Fwp%2Fv2%2Ftags&post=2060"}],"curies":[{"name":"wp","href":"https:\/\/api.w.org\/{rel}","templated":true}]}}