{"id":20786,"date":"2024-08-31T10:11:57","date_gmt":"2024-08-31T15:11:57","guid":{"rendered":"https:\/\/www.plurinominal.com.mx\/?p=20786"},"modified":"2024-09-05T10:13:12","modified_gmt":"2024-09-05T15:13:12","slug":"cerritos-contra-el-desorden","status":"publish","type":"post","link":"https:\/\/www.plurinominal.com.mx\/?p=20786","title":{"rendered":"Cerritos contra el desorden"},"content":{"rendered":"<ul>\n<li style=\"text-align: justify;\">Nueva cruzada por un centro limpio<\/li>\n<\/ul>\n<p style=\"text-align: justify;\" align=\"left\"><span style=\"font-size: 10pt; font-family: 'trebuchet ms', geneva, sans-serif;\"><strong>JOS\u00c9 \u00c1NGEL MTZ.-<\/strong><\/span> El Departamento de Ecolog\u00eda de Cerritos, bajo la direcci\u00f3n de Porfirio Turrubiartes, ha emitido un importante comunicado dirigido a los habitantes y comerciantes del sector centro de la ciudad. El anuncio se centra en optimizar el servicio de recolecci\u00f3n de basura y mejorar la imagen urbana de esta zona crucial.<\/p>\n<p style=\"text-align: justify;\" align=\"left\">Seg\u00fan el comunicado, el servicio de limpia opera en el centro de la ciudad entre las 9:30 y las 10:00 de la ma\u00f1ana. Las autoridades hacen un llamado enf\u00e1tico a la ciudadan\u00eda para que se adhieran a este horario, sacando y depositando sus desechos en los lugares designados dentro de este marco temporal.<\/p>\n<p style=\"text-align: justify;\" align=\"left\">Para ilustrar la importancia de esta medida, el departamento ha compartido im\u00e1genes contrastantes de dos \u00e1reas del centro. La zona cercana a la iglesia se muestra ordenada y limpia, presentando un aspecto visual agradable. En contraste, el \u00e1rea frente a la papeler\u00eda Canguro exhibe una acumulaci\u00f3n de basura, ofreciendo una imagen desordenada y poco higi\u00e9nica. Las autoridades subrayan que el cumplimiento de estas directrices es crucial para lograr un centro urbano limpio y visualmente atractivo.<\/p>\n<p style=\"text-align: justify;\" align=\"left\">El llamado a la acci\u00f3n se extiende tanto a vecinos como a comerciantes del sector centro, inst\u00e1ndolos a seguir las indicaciones establecidas por el Departamento de Ecolog\u00eda y el servicio de limpia.<\/p>\n","protected":false},"excerpt":{"rendered":"<p>El Departamento de Ecolog\u00eda de Cerritos, bajo la direcci\u00f3n de Porfirio Turrubiartes, ha emitido un importante comunicado dirigido a los habitantes y comerciantes del sector centro de la ciudad. El anuncio se centra en optimizar el servicio de recolecci\u00f3n de basura y mejorar la imagen urbana de esta zona crucial.<\/p>\n","protected":false},"author":5,"featured_media":20787,"comment_status":"closed","ping_status":"open","sticky":false,"template":"","format":"standard","meta":{"footnotes":""},"categories":[3,483,486,485],"tags":[],"class_list":["post-20786","post","type-post","status-publish","format-standard","has-post-thumbnail","hentry","category-cerritos","category-cultura","category-educacion","category-sociales","entry","simple"],"_links":{"self":[{"href":"https:\/\/www.plurinominal.com.mx\/index.php?rest_route=\/wp\/v2\/posts\/20786","targetHints":{"allow":["GET"]}}],"collection":[{"href":"https:\/\/www.plurinominal.com.mx\/index.php?rest_route=\/wp\/v2\/posts"}],"about":[{"href":"https:\/\/www.plurinominal.com.mx\/index.php?rest_route=\/wp\/v2\/types\/post"}],"author":[{"embeddable":true,"href":"https:\/\/www.plurinominal.com.mx\/index.php?rest_route=\/wp\/v2\/users\/5"}],"replies":[{"embeddable":true,"href":"https:\/\/www.plurinominal.com.mx\/index.php?rest_route=%2Fwp%2Fv2%2Fcomments&post=20786"}],"version-history":[{"count":1,"href":"https:\/\/www.plurinominal.com.mx\/index.php?rest_route=\/wp\/v2\/posts\/20786\/revisions"}],"predecessor-version":[{"id":20788,"href":"https:\/\/www.plurinominal.com.mx\/index.php?rest_route=\/wp\/v2\/posts\/20786\/revisions\/20788"}],"wp:featuredmedia":[{"embeddable":true,"href":"https:\/\/www.plurinominal.com.mx\/index.php?rest_route=\/wp\/v2\/media\/20787"}],"wp:attachment":[{"href":"https:\/\/www.plurinominal.com.mx\/index.php?rest_route=%2Fwp%2Fv2%2Fmedia&parent=20786"}],"wp:term":[{"taxonomy":"category","embeddable":true,"href":"https:\/\/www.plurinominal.com.mx\/index.php?rest_route=%2Fwp%2Fv2%2Fcategories&post=20786"},{"taxonomy":"post_tag","embeddable":true,"href":"https:\/\/www.plurinominal.com.mx\/index.php?rest_route=%2Fwp%2Fv2%2Ftags&post=20786"}],"curies":[{"name":"wp","href":"https:\/\/api.w.org\/{rel}","templated":true}]}}