{"id":20826,"date":"2024-09-02T17:25:47","date_gmt":"2024-09-02T22:25:47","guid":{"rendered":"https:\/\/www.plurinominal.com.mx\/?p=20826"},"modified":"2024-09-10T17:27:03","modified_gmt":"2024-09-10T22:27:03","slug":"echar-la-sal","status":"publish","type":"post","link":"https:\/\/www.plurinominal.com.mx\/?p=20826","title":{"rendered":"\u00abEchar la sal\u00bb"},"content":{"rendered":"<ul>\n<li style=\"text-align: justify;\">La superstici\u00f3n que condimenta nuestro lenguaje<\/li>\n<\/ul>\n<p style=\"text-align: justify;\" align=\"left\"><span style=\"font-size: 10pt; font-family: 'trebuchet ms', geneva, sans-serif;\"><strong>MARCO SERNA.-<\/strong> <\/span>En la cultura mexicana, la expresi\u00f3n \u00abechar la sal\u00bb ha arraigado profundamente en el imaginario colectivo como una forma de aludir a la mala suerte o a la acci\u00f3n de augurar un destino poco favorable. Esta frase, ampliamente utilizada en el habla cotidiana, refleja la compleja relaci\u00f3n que la sociedad mexicana mantiene con las supersticiones y creencias populares.<\/p>\n<p style=\"text-align: justify;\" align=\"left\">El origen de esta expresi\u00f3n se remonta a tiempos antiguos, cuando la sal era un bien preciado y dif\u00edcil de obtener. En aquellas \u00e9pocas, la sal se extra\u00eda de salares y minas distantes, transport\u00e1ndose en caravanas durante meses, lo que la convert\u00eda en un producto costoso y valorado. M\u00e1s all\u00e1 de su valor econ\u00f3mico, la sal desempe\u00f1aba un papel vital en la supervivencia humana, siendo crucial para mantener el equilibrio h\u00eddrico en el cuerpo y prevenir la deshidrataci\u00f3n.<\/p>\n<p style=\"text-align: justify;\" align=\"left\">Dada su importancia, derramar la sal se consideraba un acto de mal ag\u00fcero, una creencia que se transmiti\u00f3 a trav\u00e9s de generaciones y que eventualmente se transform\u00f3 en la expresi\u00f3n \u00abechar la sal\u00bb. En el M\u00e9xico contempor\u00e1neo, esta frase se utiliza en diversos contextos, desde advertir sobre posibles fracasos hasta expresar escepticismo de manera indirecta.<\/p>\n<p style=\"text-align: justify;\" align=\"left\">Por ejemplo, al comentar sobre un nuevo emprendimiento, alguien podr\u00eda decir: \u00abNo es por echarte la sal, pero a ese producto no le veo futuro\u00bb. Esta frase no solo expresa una opini\u00f3n negativa sobre las perspectivas del negocio. Tambi\u00e9n refleja la reticencia cultural a desear expl\u00edcitamente mala suerte a otros.<\/p>\n<p style=\"text-align: justify;\" align=\"left\">El concepto se ha extendido hasta el punto de que una persona puede describirse a s\u00ed misma como \u00absalada\u00bb, indicando que se considera propensa a la mala suerte. Dicha autopercepci\u00f3n puede influir en el comportamiento, llevando a algunos a evitar situaciones donde creen que su supuesta mala fortuna podr\u00eda manifestarse.<\/p>\n<p style=\"text-align: justify;\" align=\"left\">Es interesante notar c\u00f3mo esta superstici\u00f3n, al igual que otras como romper un espejo o pasar bajo una escalera, ha sobrevivido en la era moderna. A pesar del avance del conocimiento cient\u00edfico, estas creencias persisten, formando parte integral del tejido cultural y social mexicano.<\/p>\n","protected":false},"excerpt":{"rendered":"<p>En la cultura mexicana, la expresi\u00f3n \u00abechar la sal\u00bb ha arraigado profundamente en el imaginario colectivo como una forma de aludir a la mala suerte o a la acci\u00f3n de augurar un destino poco favorable. Esta frase, ampliamente utilizada en el habla cotidiana, refleja la compleja relaci\u00f3n que la sociedad mexicana mantiene con las supersticiones y creencias populares.<\/p>\n","protected":false},"author":5,"featured_media":20827,"comment_status":"closed","ping_status":"open","sticky":false,"template":"","format":"standard","meta":{"footnotes":""},"categories":[3,483,486,6,485,494,482,4],"tags":[],"class_list":["post-20826","post","type-post","status-publish","format-standard","has-post-thumbnail","hentry","category-cerritos","category-cultura","category-educacion","category-guadalcazar","category-sociales","category-villa-de-arista","category-villa-hidalgo","category-villa-juarez","entry","simple"],"_links":{"self":[{"href":"https:\/\/www.plurinominal.com.mx\/index.php?rest_route=\/wp\/v2\/posts\/20826","targetHints":{"allow":["GET"]}}],"collection":[{"href":"https:\/\/www.plurinominal.com.mx\/index.php?rest_route=\/wp\/v2\/posts"}],"about":[{"href":"https:\/\/www.plurinominal.com.mx\/index.php?rest_route=\/wp\/v2\/types\/post"}],"author":[{"embeddable":true,"href":"https:\/\/www.plurinominal.com.mx\/index.php?rest_route=\/wp\/v2\/users\/5"}],"replies":[{"embeddable":true,"href":"https:\/\/www.plurinominal.com.mx\/index.php?rest_route=%2Fwp%2Fv2%2Fcomments&post=20826"}],"version-history":[{"count":1,"href":"https:\/\/www.plurinominal.com.mx\/index.php?rest_route=\/wp\/v2\/posts\/20826\/revisions"}],"predecessor-version":[{"id":20828,"href":"https:\/\/www.plurinominal.com.mx\/index.php?rest_route=\/wp\/v2\/posts\/20826\/revisions\/20828"}],"wp:featuredmedia":[{"embeddable":true,"href":"https:\/\/www.plurinominal.com.mx\/index.php?rest_route=\/wp\/v2\/media\/20827"}],"wp:attachment":[{"href":"https:\/\/www.plurinominal.com.mx\/index.php?rest_route=%2Fwp%2Fv2%2Fmedia&parent=20826"}],"wp:term":[{"taxonomy":"category","embeddable":true,"href":"https:\/\/www.plurinominal.com.mx\/index.php?rest_route=%2Fwp%2Fv2%2Fcategories&post=20826"},{"taxonomy":"post_tag","embeddable":true,"href":"https:\/\/www.plurinominal.com.mx\/index.php?rest_route=%2Fwp%2Fv2%2Ftags&post=20826"}],"curies":[{"name":"wp","href":"https:\/\/api.w.org\/{rel}","templated":true}]}}