{"id":20829,"date":"2024-09-03T17:29:49","date_gmt":"2024-09-03T22:29:49","guid":{"rendered":"https:\/\/www.plurinominal.com.mx\/?p=20829"},"modified":"2024-09-10T17:33:03","modified_gmt":"2024-09-10T22:33:03","slug":"san-luis-potosi-se-une-a-la-lucha-por-jornadas-laborales-mas-justas","status":"publish","type":"post","link":"https:\/\/www.plurinominal.com.mx\/?p=20829","title":{"rendered":"San Luis Potos\u00ed se une a la lucha por jornadas laborales m\u00e1s justas"},"content":{"rendered":"<ul>\n<li style=\"text-align: justify;\">Trabajadores exigen cambios en la legislaci\u00f3n laboral<\/li>\n<\/ul>\n<p style=\"text-align: justify;\" align=\"left\"><span style=\"font-size: 10pt; font-family: 'trebuchet ms', geneva, sans-serif;\"><strong>REDACCI\u00d3N.-<\/strong> <\/span>La capital potosina se suma a la ola de movilizaciones a nivel nacional que exigen una reducci\u00f3n de la jornada laboral en M\u00e9xico. Este domingo 1 de septiembre, trabajadores y activistas se congregaron en la Plaza de Armas para participar en una jornada informativa y expresar su demanda por una legislaci\u00f3n laboral m\u00e1s justa.<\/p>\n<p style=\"text-align: justify;\" align=\"left\">La iniciativa, impulsada por el Frente Nacional por las 40 horas, busca reformar la Ley Federal del Trabajo para reducir la jornada laboral de 48 a 40 horas semanales. Esta propuesta, que ha generado un amplio debate en el pa\u00eds, busca mejorar las condiciones de vida de los trabajadores mexicanos y garantizar un mayor equilibrio entre la vida laboral y personal.<\/p>\n<p style=\"text-align: justify;\" align=\"left\">Los promotores de esta reforma argumentan que una jornada laboral m\u00e1s corta permitir\u00eda a los trabajadores contar con m\u00e1s tiempo para el descanso, la familia y la formaci\u00f3n, lo que a su vez se traducir\u00eda en una mayor productividad y bienestar. Adem\u00e1s, diversos estudios han demostrado que jornadas laborales excesivamente largas pueden aumentar el riesgo de enfermedades como el estr\u00e9s, la depresi\u00f3n y los trastornos musculoesquel\u00e9ticos.<\/p>\n<p style=\"text-align: justify;\" align=\"left\">Adem\u00e1s de la reducci\u00f3n de la jornada laboral, los manifestantes exigir\u00e1n la aprobaci\u00f3n de otras medidas como:<\/p>\n<p style=\"text-align: justify;\" align=\"left\"><em>Ley Silla:<\/em> Que garantiza el derecho de los trabajadores a sentarse durante sus descansos.<\/p>\n<p style=\"text-align: justify;\" align=\"left\"><em>Licencia por menstruaci\u00f3n:<\/em> Para que las mujeres puedan ausentarse de su trabajo durante sus per\u00edodos menstruales sin penalizaci\u00f3n.<\/p>\n<p style=\"text-align: justify;\" align=\"left\"><em>Extensi\u00f3n de la licencia de paternidad:<\/em> Para promover una mayor corresponsabilidad en el cuidado de los hijos.<\/p>\n<p style=\"text-align: justify;\" align=\"left\"><em>Adecuaci\u00f3n de espacios para lactancia<\/em>: Garantizando el derecho de las madres trabajadoras a alimentar a sus hijos.<\/p>\n<p style=\"text-align: justify;\" align=\"left\"><em>Pensi\u00f3n digna y efectiva:<\/em> Asegurando un retiro digno para todos los trabajadores.<\/p>\n<p style=\"text-align: justify;\" align=\"left\"><em>Salario digno:<\/em> Que permita cubrir la canasta b\u00e1sica y mejorar la calidad de vida de los trabajadores.<\/p>\n<p style=\"text-align: justify;\" align=\"left\">La iniciativa de reducir la jornada laboral a 40 horas ha estado estancada en el Congreso desde 2023, a pesar de haber sido aprobada por las comisiones dictaminadoras. El sector empresarial ha expresado sus reservas, proponiendo una reducci\u00f3n gradual o limitada a ciertas industrias.<\/p>\n<p style=\"text-align: justify;\" align=\"left\">La diputada Susana Prieto Terrazas, principal promotora de esta reforma, ha convocado a la ciudadan\u00eda a movilizarse y ejercer presi\u00f3n sobre los legisladores para que se retome esta iniciativa y se convierta en una realidad.<\/p>\n<p style=\"text-align: justify;\" align=\"left\">Adem\u00e1s de San Luis Potos\u00ed, se llevaron a cabo movilizaciones similares en otras 28 ciudades del pa\u00eds, con el objetivo de visibilizar esta demanda y exigir a los representantes populares que prioricen el bienestar de los trabajadores.<\/p>\n","protected":false},"excerpt":{"rendered":"<p>La capital potosina se suma a la ola de movilizaciones a nivel nacional que exigen una reducci\u00f3n de la jornada laboral en M\u00e9xico. Este domingo 1 de septiembre, trabajadores y activistas se congregaron en la Plaza de Armas para participar en una jornada informativa y expresar su demanda por una legislaci\u00f3n laboral m\u00e1s justa.<\/p>\n","protected":false},"author":5,"featured_media":20830,"comment_status":"closed","ping_status":"open","sticky":false,"template":"","format":"standard","meta":{"footnotes":""},"categories":[483,486,485],"tags":[],"class_list":["post-20829","post","type-post","status-publish","format-standard","has-post-thumbnail","hentry","category-cultura","category-educacion","category-sociales","entry","simple"],"_links":{"self":[{"href":"https:\/\/www.plurinominal.com.mx\/index.php?rest_route=\/wp\/v2\/posts\/20829","targetHints":{"allow":["GET"]}}],"collection":[{"href":"https:\/\/www.plurinominal.com.mx\/index.php?rest_route=\/wp\/v2\/posts"}],"about":[{"href":"https:\/\/www.plurinominal.com.mx\/index.php?rest_route=\/wp\/v2\/types\/post"}],"author":[{"embeddable":true,"href":"https:\/\/www.plurinominal.com.mx\/index.php?rest_route=\/wp\/v2\/users\/5"}],"replies":[{"embeddable":true,"href":"https:\/\/www.plurinominal.com.mx\/index.php?rest_route=%2Fwp%2Fv2%2Fcomments&post=20829"}],"version-history":[{"count":1,"href":"https:\/\/www.plurinominal.com.mx\/index.php?rest_route=\/wp\/v2\/posts\/20829\/revisions"}],"predecessor-version":[{"id":20831,"href":"https:\/\/www.plurinominal.com.mx\/index.php?rest_route=\/wp\/v2\/posts\/20829\/revisions\/20831"}],"wp:featuredmedia":[{"embeddable":true,"href":"https:\/\/www.plurinominal.com.mx\/index.php?rest_route=\/wp\/v2\/media\/20830"}],"wp:attachment":[{"href":"https:\/\/www.plurinominal.com.mx\/index.php?rest_route=%2Fwp%2Fv2%2Fmedia&parent=20829"}],"wp:term":[{"taxonomy":"category","embeddable":true,"href":"https:\/\/www.plurinominal.com.mx\/index.php?rest_route=%2Fwp%2Fv2%2Fcategories&post=20829"},{"taxonomy":"post_tag","embeddable":true,"href":"https:\/\/www.plurinominal.com.mx\/index.php?rest_route=%2Fwp%2Fv2%2Ftags&post=20829"}],"curies":[{"name":"wp","href":"https:\/\/api.w.org\/{rel}","templated":true}]}}