{"id":21001,"date":"2024-10-26T16:48:54","date_gmt":"2024-10-26T21:48:54","guid":{"rendered":"https:\/\/www.plurinominal.com.mx\/?p=21001"},"modified":"2024-11-04T16:50:52","modified_gmt":"2024-11-04T22:50:52","slug":"cerritos-marca-la-pauta-en-atencion-a-connacionales","status":"publish","type":"post","link":"https:\/\/www.plurinominal.com.mx\/?p=21001","title":{"rendered":"Cerritos marca la pauta en atenci\u00f3n a connacionales"},"content":{"rendered":"<ul>\n<li style=\"text-align: justify;\">Diciembre: El mes del gran reencuentro<\/li>\n<\/ul>\n<p style=\"text-align: justify;\" align=\"left\"><span style=\"font-size: 10pt; font-family: 'trebuchet ms', geneva, sans-serif;\"><strong>REDACCI\u00d3N.-<\/strong> <\/span>La Licenciada M\u00f3nica Karina Gait\u00e1n Tob\u00edas, Oficial del Registro Civil y responsable de la Oficina Municipal de Atenci\u00f3n al Migrante de Cerritos, represent\u00f3 este jueves 24 de octubre a la alcaldesa Ruth Liliana Castillo Montelongo en una importante reuni\u00f3n sobre pol\u00edtica migratoria celebrada en Rioverde.<\/p>\n<p style=\"text-align: justify;\" align=\"left\">El encuentro, realizado en el sal\u00f3n de cabildo \u00abFausto Izar Charre\u00bb, congreg\u00f3 a alcaldes de la Zona Media y al titular del Instituto Nacional de Migraci\u00f3n para coordinar la log\u00edstica de la Cuarta Caravana del Migrante Potosino 2024, evento que facilitar\u00e1 el retorno de connacionales durante el per\u00edodo vacacional de diciembre.<\/p>\n<p style=\"text-align: justify;\" align=\"left\">Durante la sesi\u00f3n de trabajo, Gait\u00e1n Tob\u00edas recibi\u00f3 un reconocimiento especial por su destacada labor como Enlace Municipal de Migraci\u00f3n, distinci\u00f3n que refleja su compromiso con la comunidad migrante cerritense y los resultados positivos de su gesti\u00f3n.<\/p>\n<p style=\"text-align: justify;\" align=\"left\">La reuni\u00f3n estableci\u00f3 las bases para garantizar un regreso seguro y ordenado de los paisanos que retornar\u00e1n a sus hogares en las pr\u00f3ximas fiestas decembrinas.<\/p>\n","protected":false},"excerpt":{"rendered":"<p>La Licenciada M\u00f3nica Karina Gait\u00e1n Tob\u00edas, Oficial del Registro Civil y responsable de la Oficina Municipal de Atenci\u00f3n al Migrante de Cerritos, represent\u00f3 este jueves 24 de octubre a la alcaldesa Ruth Liliana Castillo Montelongo en una importante reuni\u00f3n sobre pol\u00edtica migratoria celebrada en Rioverde.<\/p>\n","protected":false},"author":5,"featured_media":21002,"comment_status":"closed","ping_status":"open","sticky":false,"template":"","format":"standard","meta":{"footnotes":""},"categories":[3,492],"tags":[],"class_list":["post-21001","post","type-post","status-publish","format-standard","has-post-thumbnail","hentry","category-cerritos","category-paisanos","entry","simple"],"_links":{"self":[{"href":"https:\/\/www.plurinominal.com.mx\/index.php?rest_route=\/wp\/v2\/posts\/21001","targetHints":{"allow":["GET"]}}],"collection":[{"href":"https:\/\/www.plurinominal.com.mx\/index.php?rest_route=\/wp\/v2\/posts"}],"about":[{"href":"https:\/\/www.plurinominal.com.mx\/index.php?rest_route=\/wp\/v2\/types\/post"}],"author":[{"embeddable":true,"href":"https:\/\/www.plurinominal.com.mx\/index.php?rest_route=\/wp\/v2\/users\/5"}],"replies":[{"embeddable":true,"href":"https:\/\/www.plurinominal.com.mx\/index.php?rest_route=%2Fwp%2Fv2%2Fcomments&post=21001"}],"version-history":[{"count":1,"href":"https:\/\/www.plurinominal.com.mx\/index.php?rest_route=\/wp\/v2\/posts\/21001\/revisions"}],"predecessor-version":[{"id":21003,"href":"https:\/\/www.plurinominal.com.mx\/index.php?rest_route=\/wp\/v2\/posts\/21001\/revisions\/21003"}],"wp:featuredmedia":[{"embeddable":true,"href":"https:\/\/www.plurinominal.com.mx\/index.php?rest_route=\/wp\/v2\/media\/21002"}],"wp:attachment":[{"href":"https:\/\/www.plurinominal.com.mx\/index.php?rest_route=%2Fwp%2Fv2%2Fmedia&parent=21001"}],"wp:term":[{"taxonomy":"category","embeddable":true,"href":"https:\/\/www.plurinominal.com.mx\/index.php?rest_route=%2Fwp%2Fv2%2Fcategories&post=21001"},{"taxonomy":"post_tag","embeddable":true,"href":"https:\/\/www.plurinominal.com.mx\/index.php?rest_route=%2Fwp%2Fv2%2Ftags&post=21001"}],"curies":[{"name":"wp","href":"https:\/\/api.w.org\/{rel}","templated":true}]}}