{"id":21004,"date":"2024-10-27T16:53:13","date_gmt":"2024-10-27T22:53:13","guid":{"rendered":"https:\/\/www.plurinominal.com.mx\/?p=21004"},"modified":"2024-11-04T16:55:18","modified_gmt":"2024-11-04T22:55:18","slug":"inician-colectas-para-blanca-yadira-dimas-y-maria-antonia-hernandez","status":"publish","type":"post","link":"https:\/\/www.plurinominal.com.mx\/?p=21004","title":{"rendered":"Inician colectas para Blanca Yadira Dimas y Mar\u00eda Antonia Hern\u00e1ndez"},"content":{"rendered":"<ul>\n<li style=\"text-align: justify;\">Familiares recurren a plataforma GoFundMe; ambas personas son originarias de Villa Ju\u00e1rez SLP<\/li>\n<\/ul>\n<p style=\"text-align: justify;\" align=\"left\"><span style=\"font-size: 10pt; font-family: 'trebuchet ms', geneva, sans-serif;\"><strong>MARCO SERNA.-<\/strong> <\/span>Blanca Yadira Dimas Mares, joven madre de Villa Ju\u00e1rez, enfrenta una complicada situaci\u00f3n m\u00e9dica. Hospitalizada en el Hospital General debido a una trombosis avanzada, Blanca necesita tratamientos m\u00e9dicos cuyo costo se ha vuelto dif\u00edcil de cubrir para su familia. Por ello, ha recurrido al apoyo de la comunidad, solicitando ayuda mediante la plataforma GoFundMe (<a href=\"https:\/\/gofund.me\/a7df0ef1\">https:\/\/gofund.me\/a7df0ef1<\/a>), con el objetivo de recaudar 2 mil d\u00f3lares para sufragar sus medicamentos. Los familiares de Blanca tambi\u00e9n han organizado colectas en las calles de la cabecera municipal de Villa Ju\u00e1rez, con permiso del Secretario General del Ayuntamiento, Osvaldo Cruz Mart\u00ednez, para solicitar donativos de los habitantes.<\/p>\n<p style=\"text-align: justify;\" align=\"left\">Otra familia de Villa Ju\u00e1rez tambi\u00e9n est\u00e1 pidiendo apoyo tras la reciente p\u00e9rdida de Mar\u00eda Antonia Hern\u00e1ndez, quien falleci\u00f3 despu\u00e9s de un complicado historial de problemas de salud. Su familia, que ha enfrentado altos costos m\u00e9dicos, busca ayuda econ\u00f3mica para cubrir los gastos funerarios, y para ello han lanzado una campa\u00f1a en GoFundMe, liderada por una organizadora identificada como \u201cTere Tb\u201d de Chicago Illinois. Esta colecta tiene como meta recaudar 2,500 d\u00f3lares, y se ha invitado a la comunidad a contribuir con cualquier cantidad posible para aliviar la carga financiera de la familia en este momento tan dif\u00edcil.<\/p>\n<p style=\"text-align: justify;\" align=\"left\">Ambas iniciativas en GoFundMe comenzaron a finales de octubre y esperan el apoyo mutuo en la comunidad de Villa Ju\u00e1rez.<\/p>\n","protected":false},"excerpt":{"rendered":"<p>Blanca Yadira Dimas Mares, joven madre de Villa Ju\u00e1rez, enfrenta una complicada situaci\u00f3n m\u00e9dica.<\/p>\n","protected":false},"author":5,"featured_media":21005,"comment_status":"closed","ping_status":"open","sticky":false,"template":"","format":"standard","meta":{"footnotes":""},"categories":[492,485,4],"tags":[],"class_list":["post-21004","post","type-post","status-publish","format-standard","has-post-thumbnail","hentry","category-paisanos","category-sociales","category-villa-juarez","entry","simple"],"_links":{"self":[{"href":"https:\/\/www.plurinominal.com.mx\/index.php?rest_route=\/wp\/v2\/posts\/21004","targetHints":{"allow":["GET"]}}],"collection":[{"href":"https:\/\/www.plurinominal.com.mx\/index.php?rest_route=\/wp\/v2\/posts"}],"about":[{"href":"https:\/\/www.plurinominal.com.mx\/index.php?rest_route=\/wp\/v2\/types\/post"}],"author":[{"embeddable":true,"href":"https:\/\/www.plurinominal.com.mx\/index.php?rest_route=\/wp\/v2\/users\/5"}],"replies":[{"embeddable":true,"href":"https:\/\/www.plurinominal.com.mx\/index.php?rest_route=%2Fwp%2Fv2%2Fcomments&post=21004"}],"version-history":[{"count":1,"href":"https:\/\/www.plurinominal.com.mx\/index.php?rest_route=\/wp\/v2\/posts\/21004\/revisions"}],"predecessor-version":[{"id":21006,"href":"https:\/\/www.plurinominal.com.mx\/index.php?rest_route=\/wp\/v2\/posts\/21004\/revisions\/21006"}],"wp:featuredmedia":[{"embeddable":true,"href":"https:\/\/www.plurinominal.com.mx\/index.php?rest_route=\/wp\/v2\/media\/21005"}],"wp:attachment":[{"href":"https:\/\/www.plurinominal.com.mx\/index.php?rest_route=%2Fwp%2Fv2%2Fmedia&parent=21004"}],"wp:term":[{"taxonomy":"category","embeddable":true,"href":"https:\/\/www.plurinominal.com.mx\/index.php?rest_route=%2Fwp%2Fv2%2Fcategories&post=21004"},{"taxonomy":"post_tag","embeddable":true,"href":"https:\/\/www.plurinominal.com.mx\/index.php?rest_route=%2Fwp%2Fv2%2Ftags&post=21004"}],"curies":[{"name":"wp","href":"https:\/\/api.w.org\/{rel}","templated":true}]}}