{"id":21038,"date":"2024-11-07T15:22:32","date_gmt":"2024-11-07T21:22:32","guid":{"rendered":"https:\/\/www.plurinominal.com.mx\/?p=21038"},"modified":"2024-11-15T15:23:38","modified_gmt":"2024-11-15T21:23:38","slug":"el-semidesierto-potosino","status":"publish","type":"post","link":"https:\/\/www.plurinominal.com.mx\/?p=21038","title":{"rendered":"El semidesierto potosino:"},"content":{"rendered":"<ul>\n<li style=\"text-align: justify;\">Un llamado a la acci\u00f3n para salvar el patrimonio ecol\u00f3gico de Las Pilas<\/li>\n<\/ul>\n<p style=\"text-align: justify;\" align=\"left\"><span style=\"font-size: 10pt; font-family: 'trebuchet ms', geneva, sans-serif;\"><strong>MARCO SERNA.-<\/strong><\/span> Ad\u00e1n Francisco \u00c1lvarez Zavala, estudiante de Contabilidad en la Universidad Aut\u00f3noma de San Luis Potos\u00ed (UASLP), busca destacar la riqueza y los problemas de la regi\u00f3n de Las Pilas, situada en el semidesierto potosino, a trav\u00e9s de su proyecto de investigaci\u00f3n \u201cVoces Insurrectas del Semidesierto Potosino\u201d, el cual aborda la conservaci\u00f3n ecol\u00f3gica y cultural de esta \u00e1rea natural.<\/p>\n<p style=\"text-align: justify;\" align=\"left\">\u00c1lvarez Zavala, originario de Cerritos, presenta una propuesta ambiciosa para crear conciencia sobre el deterioro de los recursos naturales y el patrimonio cultural de Las Pilas, un \u00e1rea de m\u00e1s de mil kil\u00f3metros cuadrados que alberga una biodiversidad \u00fanica en el pa\u00eds. Con este proyecto, \u00c1lvarez obtuvo el apoyo de la UASLP y espacio en Radio Universidad para difundir sus hallazgos preliminares, motivado por el deseo de que m\u00e1s personas comprendan la importancia de preservar esta regi\u00f3n.<\/p>\n<p style=\"text-align: justify;\" align=\"left\">La zona, ubicada entre los municipios de Villa de Arista y Villa Hidalgo, se caracteriza por su clima semiseco y por una altitud de m\u00e1s de 2,000 metros sobre el nivel del mar, lo cual ha permitido que all\u00ed prosperen tanto especies end\u00e9micas como animales de gran valor ecol\u00f3gico, como el \u00e1guila real, el venado cola blanca, el jabal\u00ed, entre otros. Sin embargo, esta regi\u00f3n enfrenta serios desaf\u00edos debido a la explotaci\u00f3n desmedida de recursos naturales y la introducci\u00f3n de especies invasoras.<\/p>\n<p style=\"text-align: justify;\" align=\"left\">\u00c1lvarez explica que uno de los problemas m\u00e1s graves es el tr\u00e1fico ilegal de especies nativas y la explotaci\u00f3n de plantas como el peyote, que tiene un importante valor cultural y ecol\u00f3gico, pero cuya recolecci\u00f3n indiscriminada est\u00e1 afectando su supervivencia. Adem\u00e1s, la producci\u00f3n del dulce de acitr\u00f3n, obtenido del cactus, tambi\u00e9n ha contribuido a desequilibrar el ecosistema. Sumado a esto, la desertificaci\u00f3n es cada vez m\u00e1s notoria en el \u00e1rea, exacerbada por la disminuci\u00f3n en los niveles de lluvia, lo que afecta directamente a los ejidatarios y agricultores, quienes dependen de los recursos naturales para subsistir.<\/p>\n<p style=\"text-align: justify;\" align=\"left\">El proyecto \u201cVoces Insurrectas del Semidesierto Potosino\u201d tiene como objetivo principal exponer estos problemas y proponer medidas de protecci\u00f3n y conservaci\u00f3n que podr\u00edan revertir el deterioro ambiental y preservar el patrimonio cultural de la regi\u00f3n. La p\u00e9rdida de biodiversidad, causada tambi\u00e9n por la introducci\u00f3n de plantas como la s\u00e1bila, que compite por recursos como el agua y los nutrientes, est\u00e1 afectando de forma adversa a las especies nativas y alterando los procesos naturales del ecosistema.<\/p>\n<p style=\"text-align: justify;\" align=\"left\">A nivel hist\u00f3rico, Las Pilas posee un gran valor cultural. La regi\u00f3n, antigua frontera chichimeca y hogar de n\u00f3madas guerreros, contiene sitios de arte rupestre que a\u00fan no reciben la atenci\u00f3n y cuidado adecuados por parte de las autoridades. \u00c1lvarez Zavala destaca que la indiferencia de ciertos sectores y la falta de estrategias oficiales han dejado esta riqueza cultural en el olvido.<\/p>\n<p style=\"text-align: justify;\" align=\"left\">En su investigaci\u00f3n, \u00c1lvarez subraya la necesidad de pol\u00edticas p\u00fablicas efectivas y de un cambio cultural que fomente el respeto y la conservaci\u00f3n. El estudiante enfatiza que el esfuerzo de preservar no solo abarca la flora y fauna, sino tambi\u00e9n el reconocimiento y la protecci\u00f3n de las tradiciones locales y el arte ancestral. Para \u00e9l, es crucial que esta conciencia se arraigue tanto en la comunidad local como en el resto del estado.<\/p>\n<p style=\"text-align: justify;\" align=\"left\">\u00c1lvarez Zavala concluye con un llamado urgente para que se implemente un plan de conservaci\u00f3n en Las Pilas y que los pobladores se conviertan en defensores activos de su propio entorno natural y cultural. Su exposici\u00f3n en Radio Universidad es apenas el inicio de lo que \u00e9l espera se convierta en un movimiento colectivo para salvar el semidesierto potosino de la degradaci\u00f3n y el olvido.<\/p>\n","protected":false},"excerpt":{"rendered":"<p>Ad\u00e1n Francisco \u00c1lvarez Zavala, estudiante de Contabilidad en la Universidad Aut\u00f3noma de San Luis Potos\u00ed (UASLP), busca destacar la riqueza y los problemas de la regi\u00f3n de Las Pilas, situada en el semidesierto potosino, a trav\u00e9s de su proyecto de investigaci\u00f3n \u201cVoces Insurrectas del Semidesierto Potosino\u201d, el cual aborda la conservaci\u00f3n ecol\u00f3gica y cultural de esta \u00e1rea natural.<\/p>\n","protected":false},"author":5,"featured_media":21039,"comment_status":"closed","ping_status":"open","sticky":false,"template":"","format":"standard","meta":{"footnotes":""},"categories":[483,486,485,494,482],"tags":[],"class_list":["post-21038","post","type-post","status-publish","format-standard","has-post-thumbnail","hentry","category-cultura","category-educacion","category-sociales","category-villa-de-arista","category-villa-hidalgo","entry","simple"],"_links":{"self":[{"href":"https:\/\/www.plurinominal.com.mx\/index.php?rest_route=\/wp\/v2\/posts\/21038","targetHints":{"allow":["GET"]}}],"collection":[{"href":"https:\/\/www.plurinominal.com.mx\/index.php?rest_route=\/wp\/v2\/posts"}],"about":[{"href":"https:\/\/www.plurinominal.com.mx\/index.php?rest_route=\/wp\/v2\/types\/post"}],"author":[{"embeddable":true,"href":"https:\/\/www.plurinominal.com.mx\/index.php?rest_route=\/wp\/v2\/users\/5"}],"replies":[{"embeddable":true,"href":"https:\/\/www.plurinominal.com.mx\/index.php?rest_route=%2Fwp%2Fv2%2Fcomments&post=21038"}],"version-history":[{"count":1,"href":"https:\/\/www.plurinominal.com.mx\/index.php?rest_route=\/wp\/v2\/posts\/21038\/revisions"}],"predecessor-version":[{"id":21040,"href":"https:\/\/www.plurinominal.com.mx\/index.php?rest_route=\/wp\/v2\/posts\/21038\/revisions\/21040"}],"wp:featuredmedia":[{"embeddable":true,"href":"https:\/\/www.plurinominal.com.mx\/index.php?rest_route=\/wp\/v2\/media\/21039"}],"wp:attachment":[{"href":"https:\/\/www.plurinominal.com.mx\/index.php?rest_route=%2Fwp%2Fv2%2Fmedia&parent=21038"}],"wp:term":[{"taxonomy":"category","embeddable":true,"href":"https:\/\/www.plurinominal.com.mx\/index.php?rest_route=%2Fwp%2Fv2%2Fcategories&post=21038"},{"taxonomy":"post_tag","embeddable":true,"href":"https:\/\/www.plurinominal.com.mx\/index.php?rest_route=%2Fwp%2Fv2%2Ftags&post=21038"}],"curies":[{"name":"wp","href":"https:\/\/api.w.org\/{rel}","templated":true}]}}