{"id":21078,"date":"2024-11-15T10:52:19","date_gmt":"2024-11-15T16:52:19","guid":{"rendered":"https:\/\/www.plurinominal.com.mx\/?p=21078"},"modified":"2024-11-21T10:53:33","modified_gmt":"2024-11-21T16:53:33","slug":"alivio-para-unos-problema-para-otros","status":"publish","type":"post","link":"https:\/\/www.plurinominal.com.mx\/?p=21078","title":{"rendered":"Alivio para unos, problema para otros"},"content":{"rendered":"<ul>\n<li style=\"text-align: justify;\">Rutas canceladas de autobuses complican la vida estudiantil en Cerritos y sus alrededores<\/li>\n<\/ul>\n<p style=\"text-align: justify;\" align=\"left\"><span style=\"font-size: 10pt; font-family: 'trebuchet ms', geneva, sans-serif;\"><strong>REDACCI\u00d3N.-<\/strong> <\/span>Un gesto cotidiano se ha convertido en un alivio para decenas de estudiantes de bachillerato y secundaria t\u00e9cnica en Villa Hidalgo. Los autobuses de la empresa Autobuses Cerritenses que salen de la capital potosina a las 2:35 p.m. han implementado una pr\u00e1ctica de gran impacto social: dejar a los j\u00f3venes estudiantes directamente en la comunidad de Charco Blanco, perteneciente a Guadalc\u00e1zar, antes de continuar su ruta hacia Cerritos.<\/p>\n<p style=\"text-align: justify;\" align=\"left\">El video que muestra a los estudiantes agradeciendo al conductor del autob\u00fas al bajar, recibi\u00f3 cientos de comentarios positivos en redes sociales, destacando la educaci\u00f3n y gratitud de los j\u00f3venes. Astrid Arvizu coment\u00f3: \u00abFelicidades a los estudiantes que dan las gracias. Son m\u00e1s educados que j\u00f3venes de la capital potosina, y que sigan estudiando, pronto sus esfuerzos dar\u00e1n frutos.\u00bb<\/p>\n<p style=\"text-align: justify;\" align=\"left\">Sin embargo, no todo es positivo. Usuarios como Venny Gonz\u00e1lez se\u00f1alaron que el desv\u00edo por la supercarretera estatal 75, que evita la carretera libre, ha dejado sin transporte a los habitantes de comunidades como Palos Altos, Estaci\u00f3n Villar y Estaci\u00f3n Monta\u00f1a. Este cambio de ruta ha generado inconvenientes para quienes necesitan trasladarse a Cerritos o localidades vecinas.<\/p>\n<p style=\"text-align: justify;\" align=\"left\">A trav\u00e9s de redes sociales, tambi\u00e9n se record\u00f3 la desaparici\u00f3n de la ruta de Cerritos a Rioverde, Santo Domingo y Progreso, afectando a estudiantes y trabajadores que ahora enfrentan complicaciones para llegar a su destino.<\/p>\n<p style=\"text-align: justify;\" align=\"left\">Mientras los estudiantes de Charco Blanco celebran la disponibilidad de este transporte, la problem\u00e1tica de conectividad en otras comunidades pone en evidencia la necesidad de soluciones integrales en la regi\u00f3n.<\/p>\n<p style=\"text-align: justify;\" align=\"left\">Este reportero confirm\u00f3 que los camiones han dejado de transitar por la carretera libre debido a la gran cantidad de baches, a lo que se suman denuncias de asaltos y la presencia de ponchallantas, as\u00ed como el evidente descuido por parte de las autoridades hacia tal v\u00eda.<\/p>\n","protected":false},"excerpt":{"rendered":"<p>Un gesto cotidiano se ha convertido en un alivio para decenas de estudiantes de bachillerato y secundaria t\u00e9cnica en Villa Hidalgo. Los autobuses de la empresa Autobuses Cerritenses que salen de la capital potosina a las 2:35 p.m. han implementado una pr\u00e1ctica de gran impacto social: dejar a los j\u00f3venes estudiantes directamente en la comunidad de Charco Blanco, perteneciente a Guadalc\u00e1zar, antes de continuar su ruta hacia Cerritos.<\/p>\n","protected":false},"author":5,"featured_media":21079,"comment_status":"closed","ping_status":"open","sticky":false,"template":"","format":"standard","meta":{"footnotes":""},"categories":[3,486,6,485,494,482,4],"tags":[],"class_list":["post-21078","post","type-post","status-publish","format-standard","has-post-thumbnail","hentry","category-cerritos","category-educacion","category-guadalcazar","category-sociales","category-villa-de-arista","category-villa-hidalgo","category-villa-juarez","entry","simple"],"_links":{"self":[{"href":"https:\/\/www.plurinominal.com.mx\/index.php?rest_route=\/wp\/v2\/posts\/21078","targetHints":{"allow":["GET"]}}],"collection":[{"href":"https:\/\/www.plurinominal.com.mx\/index.php?rest_route=\/wp\/v2\/posts"}],"about":[{"href":"https:\/\/www.plurinominal.com.mx\/index.php?rest_route=\/wp\/v2\/types\/post"}],"author":[{"embeddable":true,"href":"https:\/\/www.plurinominal.com.mx\/index.php?rest_route=\/wp\/v2\/users\/5"}],"replies":[{"embeddable":true,"href":"https:\/\/www.plurinominal.com.mx\/index.php?rest_route=%2Fwp%2Fv2%2Fcomments&post=21078"}],"version-history":[{"count":1,"href":"https:\/\/www.plurinominal.com.mx\/index.php?rest_route=\/wp\/v2\/posts\/21078\/revisions"}],"predecessor-version":[{"id":21080,"href":"https:\/\/www.plurinominal.com.mx\/index.php?rest_route=\/wp\/v2\/posts\/21078\/revisions\/21080"}],"wp:featuredmedia":[{"embeddable":true,"href":"https:\/\/www.plurinominal.com.mx\/index.php?rest_route=\/wp\/v2\/media\/21079"}],"wp:attachment":[{"href":"https:\/\/www.plurinominal.com.mx\/index.php?rest_route=%2Fwp%2Fv2%2Fmedia&parent=21078"}],"wp:term":[{"taxonomy":"category","embeddable":true,"href":"https:\/\/www.plurinominal.com.mx\/index.php?rest_route=%2Fwp%2Fv2%2Fcategories&post=21078"},{"taxonomy":"post_tag","embeddable":true,"href":"https:\/\/www.plurinominal.com.mx\/index.php?rest_route=%2Fwp%2Fv2%2Ftags&post=21078"}],"curies":[{"name":"wp","href":"https:\/\/api.w.org\/{rel}","templated":true}]}}