{"id":21093,"date":"2024-11-22T09:03:10","date_gmt":"2024-11-22T15:03:10","guid":{"rendered":"https:\/\/www.plurinominal.com.mx\/?p=21093"},"modified":"2024-11-27T09:05:53","modified_gmt":"2024-11-27T15:05:53","slug":"el-arte-de-la-palabra-tiene-nuevo-exponente","status":"publish","type":"post","link":"https:\/\/www.plurinominal.com.mx\/?p=21093","title":{"rendered":"El arte de la palabra tiene nuevo exponente"},"content":{"rendered":"<ul>\n<li style=\"text-align: justify;\">Declamador del Motolin\u00eda conquista segundo lugar estatal<\/li>\n<\/ul>\n<p style=\"text-align: justify;\" align=\"left\"><span style=\"font-size: 10pt; font-family: 'trebuchet ms', geneva, sans-serif;\"><strong>MARCO SERNA.-<\/strong><\/span> Un destacado estudiante del Instituto Motolin\u00eda Cerritense logr\u00f3 posicionarse en el segundo lugar del concurso de declamaci\u00f3n a nivel zona escolar, celebrado en San Luis Potos\u00ed el jueves 21 de noviembre. Felipe Arael Z\u00fa\u00f1iga Cruz, alumno de segundo grado de secundaria, demostr\u00f3 su talento art\u00edstico y dominio esc\u00e9nico ante el p\u00fablico presente.<\/p>\n<p style=\"text-align: justify;\" align=\"left\">La preparaci\u00f3n del joven declamador estuvo a cargo de la maestra Laura Carbajal, quien expres\u00f3 su satisfacci\u00f3n por el desempe\u00f1o de su pupilo durante la competencia. \u00abFelipe se llev\u00f3 el dominio de los presentes\u00bb, se\u00f1al\u00f3 la docente, quien considera que su alumno mereci\u00f3 una mejor posici\u00f3n en el certamen.<\/p>\n<p style=\"text-align: justify;\" align=\"left\">El logro de Felipe Arael representa un est\u00edmulo para sus compa\u00f1eros y reafirma la calidad educativa de la instituci\u00f3n en el municipio de Cerritos. Su participaci\u00f3n destaca el compromiso del Instituto Motolin\u00eda Cerritense con las actividades art\u00edsticas y culturales, fomentando el desarrollo integral de sus estudiantes.<\/p>\n<p style=\"text-align: justify;\" align=\"left\">La comunidad estudiantil y el personal docente celebraron este resultado que pone en alto el nombre de la instituci\u00f3n educativa, augurando futuros \u00e9xitos para el talentoso estudiante.<\/p>\n","protected":false},"excerpt":{"rendered":"<p>Un destacado estudiante del Instituto Motolin\u00eda Cerritense logr\u00f3 posicionarse en el segundo lugar del concurso de declamaci\u00f3n a nivel zona escolar, celebrado en San Luis Potos\u00ed el jueves 21 de noviembre. Felipe Arael Z\u00fa\u00f1iga Cruz, alumno de segundo grado de secundaria, demostr\u00f3 su talento art\u00edstico y dominio esc\u00e9nico ante el p\u00fablico presente.<\/p>\n","protected":false},"author":5,"featured_media":21094,"comment_status":"closed","ping_status":"open","sticky":false,"template":"","format":"standard","meta":{"footnotes":""},"categories":[3,486,485],"tags":[],"class_list":["post-21093","post","type-post","status-publish","format-standard","has-post-thumbnail","hentry","category-cerritos","category-educacion","category-sociales","entry","simple"],"_links":{"self":[{"href":"https:\/\/www.plurinominal.com.mx\/index.php?rest_route=\/wp\/v2\/posts\/21093","targetHints":{"allow":["GET"]}}],"collection":[{"href":"https:\/\/www.plurinominal.com.mx\/index.php?rest_route=\/wp\/v2\/posts"}],"about":[{"href":"https:\/\/www.plurinominal.com.mx\/index.php?rest_route=\/wp\/v2\/types\/post"}],"author":[{"embeddable":true,"href":"https:\/\/www.plurinominal.com.mx\/index.php?rest_route=\/wp\/v2\/users\/5"}],"replies":[{"embeddable":true,"href":"https:\/\/www.plurinominal.com.mx\/index.php?rest_route=%2Fwp%2Fv2%2Fcomments&post=21093"}],"version-history":[{"count":1,"href":"https:\/\/www.plurinominal.com.mx\/index.php?rest_route=\/wp\/v2\/posts\/21093\/revisions"}],"predecessor-version":[{"id":21095,"href":"https:\/\/www.plurinominal.com.mx\/index.php?rest_route=\/wp\/v2\/posts\/21093\/revisions\/21095"}],"wp:featuredmedia":[{"embeddable":true,"href":"https:\/\/www.plurinominal.com.mx\/index.php?rest_route=\/wp\/v2\/media\/21094"}],"wp:attachment":[{"href":"https:\/\/www.plurinominal.com.mx\/index.php?rest_route=%2Fwp%2Fv2%2Fmedia&parent=21093"}],"wp:term":[{"taxonomy":"category","embeddable":true,"href":"https:\/\/www.plurinominal.com.mx\/index.php?rest_route=%2Fwp%2Fv2%2Fcategories&post=21093"},{"taxonomy":"post_tag","embeddable":true,"href":"https:\/\/www.plurinominal.com.mx\/index.php?rest_route=%2Fwp%2Fv2%2Ftags&post=21093"}],"curies":[{"name":"wp","href":"https:\/\/api.w.org\/{rel}","templated":true}]}}