{"id":21100,"date":"2024-11-24T09:20:20","date_gmt":"2024-11-24T15:20:20","guid":{"rendered":"https:\/\/www.plurinominal.com.mx\/?p=21100"},"modified":"2024-12-02T09:22:01","modified_gmt":"2024-12-02T15:22:01","slug":"estudiantes-transforman-monedas-en-pavimento","status":"publish","type":"post","link":"https:\/\/www.plurinominal.com.mx\/?p=21100","title":{"rendered":"Estudiantes transforman monedas en pavimento"},"content":{"rendered":"<ul>\n<li style=\"text-align: justify;\">Recaudan 25 mil pesos durante colecta para rehabilitaci\u00f3n frontal<\/li>\n<\/ul>\n<p style=\"text-align: justify;\" align=\"left\"><span style=\"font-size: 10pt; font-family: 'trebuchet ms', geneva, sans-serif;\"><strong>JOS\u00c9 \u00c1NGEL MTZ.- <\/strong><\/span>Los estudiantes de la Escuela Secundaria T\u00e9cnica 27 de Villa Ju\u00e1rez, demostraron su compromiso con la mejora de su instituci\u00f3n al recaudar 25,587 pesos durante la tradicional colecta y kil\u00f3metro de plata, aprovechando la afluencia de visitantes durante la Feria Regional del Ma\u00edz.<\/p>\n<p style=\"text-align: justify;\" align=\"left\">Los recursos ser\u00e1n destinados a la rehabilitaci\u00f3n con asfalto del \u00e1rea frontal del plantel, ubicado sobre la carretera libre a Rioverde, donde se han identificado deterioros significativos. La comunidad estudiantil tambi\u00e9n busca la instalaci\u00f3n de reductores de velocidad para prevenir accidentes, dado el constante tr\u00e1fico vehicular a alta velocidad en la zona.<\/p>\n<p style=\"text-align: justify;\" align=\"left\">Si bien la carretera principal muestra deficiencias en su estado general, esta v\u00eda compete al gobierno estatal. No obstante, el \u00e9xito de la recaudaci\u00f3n estudiantil podr\u00eda complementarse con una aportaci\u00f3n similar por parte del ayuntamiento local para concretar las mejoras necesarias.<\/p>\n","protected":false},"excerpt":{"rendered":"<p>Los estudiantes de la Escuela Secundaria T\u00e9cnica 27 de Villa Ju\u00e1rez, demostraron su compromiso con la mejora de su instituci\u00f3n al recaudar 25,587 pesos durante la tradicional colecta y kil\u00f3metro de plata, aprovechando la afluencia de visitantes durante la Feria Regional del Ma\u00edz.<\/p>\n","protected":false},"author":5,"featured_media":21101,"comment_status":"closed","ping_status":"open","sticky":false,"template":"","format":"standard","meta":{"footnotes":""},"categories":[486,485,4],"tags":[],"class_list":["post-21100","post","type-post","status-publish","format-standard","has-post-thumbnail","hentry","category-educacion","category-sociales","category-villa-juarez","entry","simple"],"_links":{"self":[{"href":"https:\/\/www.plurinominal.com.mx\/index.php?rest_route=\/wp\/v2\/posts\/21100","targetHints":{"allow":["GET"]}}],"collection":[{"href":"https:\/\/www.plurinominal.com.mx\/index.php?rest_route=\/wp\/v2\/posts"}],"about":[{"href":"https:\/\/www.plurinominal.com.mx\/index.php?rest_route=\/wp\/v2\/types\/post"}],"author":[{"embeddable":true,"href":"https:\/\/www.plurinominal.com.mx\/index.php?rest_route=\/wp\/v2\/users\/5"}],"replies":[{"embeddable":true,"href":"https:\/\/www.plurinominal.com.mx\/index.php?rest_route=%2Fwp%2Fv2%2Fcomments&post=21100"}],"version-history":[{"count":1,"href":"https:\/\/www.plurinominal.com.mx\/index.php?rest_route=\/wp\/v2\/posts\/21100\/revisions"}],"predecessor-version":[{"id":21102,"href":"https:\/\/www.plurinominal.com.mx\/index.php?rest_route=\/wp\/v2\/posts\/21100\/revisions\/21102"}],"wp:featuredmedia":[{"embeddable":true,"href":"https:\/\/www.plurinominal.com.mx\/index.php?rest_route=\/wp\/v2\/media\/21101"}],"wp:attachment":[{"href":"https:\/\/www.plurinominal.com.mx\/index.php?rest_route=%2Fwp%2Fv2%2Fmedia&parent=21100"}],"wp:term":[{"taxonomy":"category","embeddable":true,"href":"https:\/\/www.plurinominal.com.mx\/index.php?rest_route=%2Fwp%2Fv2%2Fcategories&post=21100"},{"taxonomy":"post_tag","embeddable":true,"href":"https:\/\/www.plurinominal.com.mx\/index.php?rest_route=%2Fwp%2Fv2%2Ftags&post=21100"}],"curies":[{"name":"wp","href":"https:\/\/api.w.org\/{rel}","templated":true}]}}