{"id":21109,"date":"2024-11-30T08:29:50","date_gmt":"2024-11-30T14:29:50","guid":{"rendered":"https:\/\/www.plurinominal.com.mx\/?p=21109"},"modified":"2024-12-03T08:31:00","modified_gmt":"2024-12-03T14:31:00","slug":"60-anos-de-historia","status":"publish","type":"post","link":"https:\/\/www.plurinominal.com.mx\/?p=21109","title":{"rendered":"\u00a160 a\u00f1os de historia!"},"content":{"rendered":"<ul>\n<li style=\"text-align: justify;\">Motolin\u00eda celebra 60 a\u00f1os de excelencia<\/li>\n<\/ul>\n<p style=\"text-align: justify;\" align=\"left\"><span style=\"font-size: 10pt; font-family: 'trebuchet ms', geneva, sans-serif;\"><strong>JOS\u00c9 \u00c1NGEL MTZ.-<\/strong><\/span> El Instituto Motolin\u00eda Cerritense (IMC) se prepara para celebrar su 60 aniversario con una serie de eventos conmemorativos que reunir\u00e1n a generaciones de estudiantes que han pasado por sus aulas desde su fundaci\u00f3n en 1964.<\/p>\n<p style=\"text-align: justify;\" align=\"left\">El programa de festividades iniciar\u00e1 el jueves 28 de noviembre de 2024 con una misa de acci\u00f3n de gracias en la Parroquia San Juan Bautista a las 11:00 horas, seguida por una celebraci\u00f3n cultural en las instalaciones del colegio, donde se espera la asistencia masiva de exalumnos.<\/p>\n<p style=\"text-align: justify;\" align=\"left\">Como parte de las actividades conmemorativas, la instituci\u00f3n ha lanzado la iniciativa \u00abMuro de la Memoria\u00bb, un proyecto que busca recopilar fotograf\u00edas hist\u00f3ricas de quienes formaron parte de la comunidad estudiantil. Los exalumnos podr\u00e1n contribuir con sus memorias fotogr\u00e1ficas desde el 23 hasta el 26 de noviembre, ya sea de manera f\u00edsica o digital a trav\u00e9s de WhatsApp o correo electr\u00f3nico.<\/p>\n<p style=\"text-align: justify;\" align=\"left\">Esta celebraci\u00f3n representa seis d\u00e9cadas de labor educativa ininterrumpida, durante las cuales el IMC ha dejado una huella indeleble en la formaci\u00f3n acad\u00e9mica y personal de numerosas generaciones de cerritenses, consolid\u00e1ndose como una instituci\u00f3n fundamental en el desarrollo educativo de la regi\u00f3n.<\/p>\n","protected":false},"excerpt":{"rendered":"<p>El Instituto Motolin\u00eda Cerritense (IMC) se prepara para celebrar su 60 aniversario con una serie de eventos conmemorativos que reunir\u00e1n a generaciones de estudiantes que han pasado por sus aulas desde su fundaci\u00f3n en 1964.<\/p>\n","protected":false},"author":5,"featured_media":21110,"comment_status":"closed","ping_status":"open","sticky":false,"template":"","format":"standard","meta":{"footnotes":""},"categories":[3,483,486,485],"tags":[],"class_list":["post-21109","post","type-post","status-publish","format-standard","has-post-thumbnail","hentry","category-cerritos","category-cultura","category-educacion","category-sociales","entry","simple"],"_links":{"self":[{"href":"https:\/\/www.plurinominal.com.mx\/index.php?rest_route=\/wp\/v2\/posts\/21109","targetHints":{"allow":["GET"]}}],"collection":[{"href":"https:\/\/www.plurinominal.com.mx\/index.php?rest_route=\/wp\/v2\/posts"}],"about":[{"href":"https:\/\/www.plurinominal.com.mx\/index.php?rest_route=\/wp\/v2\/types\/post"}],"author":[{"embeddable":true,"href":"https:\/\/www.plurinominal.com.mx\/index.php?rest_route=\/wp\/v2\/users\/5"}],"replies":[{"embeddable":true,"href":"https:\/\/www.plurinominal.com.mx\/index.php?rest_route=%2Fwp%2Fv2%2Fcomments&post=21109"}],"version-history":[{"count":1,"href":"https:\/\/www.plurinominal.com.mx\/index.php?rest_route=\/wp\/v2\/posts\/21109\/revisions"}],"predecessor-version":[{"id":21111,"href":"https:\/\/www.plurinominal.com.mx\/index.php?rest_route=\/wp\/v2\/posts\/21109\/revisions\/21111"}],"wp:featuredmedia":[{"embeddable":true,"href":"https:\/\/www.plurinominal.com.mx\/index.php?rest_route=\/wp\/v2\/media\/21110"}],"wp:attachment":[{"href":"https:\/\/www.plurinominal.com.mx\/index.php?rest_route=%2Fwp%2Fv2%2Fmedia&parent=21109"}],"wp:term":[{"taxonomy":"category","embeddable":true,"href":"https:\/\/www.plurinominal.com.mx\/index.php?rest_route=%2Fwp%2Fv2%2Fcategories&post=21109"},{"taxonomy":"post_tag","embeddable":true,"href":"https:\/\/www.plurinominal.com.mx\/index.php?rest_route=%2Fwp%2Fv2%2Ftags&post=21109"}],"curies":[{"name":"wp","href":"https:\/\/api.w.org\/{rel}","templated":true}]}}