{"id":21153,"date":"2024-12-15T09:23:38","date_gmt":"2024-12-15T15:23:38","guid":{"rendered":"https:\/\/www.plurinominal.com.mx\/?p=21153"},"modified":"2024-12-21T09:25:11","modified_gmt":"2024-12-21T15:25:11","slug":"cerritos-se-viste-de-fiesta-con-la-feria-regional-del-paisano-2024","status":"publish","type":"post","link":"https:\/\/www.plurinominal.com.mx\/?p=21153","title":{"rendered":"Cerritos se viste de fiesta con la Feria Regional del Paisano 2024"},"content":{"rendered":"<ul>\n<li style=\"text-align: justify;\">Cinco d\u00edas de m\u00fasica, danza y diversi\u00f3n para toda la familia<\/li>\n<\/ul>\n<p style=\"text-align: justify;\" align=\"left\"><span style=\"font-size: 10pt; font-family: 'trebuchet ms', geneva, sans-serif;\"><strong>JOS\u00c9 \u00c1NGEL MTZ.-<\/strong> <\/span>Cerritos se prepara para vivir cinco d\u00edas de fiesta y alegr\u00eda con la celebraci\u00f3n de su Feria Regional 2024. Del 25 al 30 de diciembre, el municipio se convertir\u00e1 en el epicentro de la diversi\u00f3n, ofreciendo un variado programa de actividades para toda la familia.<\/p>\n<p style=\"text-align: justify;\" align=\"left\">La feria dar\u00e1 inicio con el certamen de la Reina FEREPA 2024, donde las candidatas competir\u00e1n por el t\u00edtulo y la oportunidad de representar a Cerritos durante un a\u00f1o. Adem\u00e1s, los asistentes podr\u00e1n disfrutar de presentaciones de grupos musicales como \u00abLas Tres Huastecas\u00bb, \u00ab\u00c1ngel Sax\u00bb, \u00abRondalla Corisaba\u00bb, \u00abCrush\u00bb y la cantante Itzel. Las presentaciones estelares incluyen al \u201cGrupo Bryndis\u201d para el 29, y \u00abNorte\u00f1os de R\u00edo Bravo\u00bb para el cierre del 30.<\/p>\n<p style=\"text-align: justify;\" align=\"left\">La danza tambi\u00e9n tendr\u00e1 un lugar destacado en la feria, con la presentaci\u00f3n del grupo \u00abDe Colores\u00bb. Para los amantes del teatro, se presentar\u00e1 la obra \u00abClownstorela\u00bb, prometiendo risas y diversi\u00f3n para todas las edades.<\/p>\n<p style=\"text-align: justify;\" align=\"left\">La presidenta municipal de Cerritos, Ruth Liliana Castillo Montelongo, invit\u00f3 a todos los habitantes y visitantes a disfrutar de esta gran fiesta que se realiza en honor a los paisanos.<\/p>\n","protected":false},"excerpt":{"rendered":"<p>Cerritos se prepara para vivir cinco d\u00edas de fiesta y alegr\u00eda con la celebraci\u00f3n de su Feria Regional 2024. Del 25 al 30 de diciembre, el municipio se convertir\u00e1 en el epicentro de la diversi\u00f3n, ofreciendo un variado programa de actividades para toda la familia.<\/p>\n","protected":false},"author":5,"featured_media":21154,"comment_status":"closed","ping_status":"open","sticky":false,"template":"","format":"standard","meta":{"footnotes":""},"categories":[3,483,484,492,485],"tags":[],"class_list":["post-21153","post","type-post","status-publish","format-standard","has-post-thumbnail","hentry","category-cerritos","category-cultura","category-espectaculos","category-paisanos","category-sociales","entry","simple"],"_links":{"self":[{"href":"https:\/\/www.plurinominal.com.mx\/index.php?rest_route=\/wp\/v2\/posts\/21153","targetHints":{"allow":["GET"]}}],"collection":[{"href":"https:\/\/www.plurinominal.com.mx\/index.php?rest_route=\/wp\/v2\/posts"}],"about":[{"href":"https:\/\/www.plurinominal.com.mx\/index.php?rest_route=\/wp\/v2\/types\/post"}],"author":[{"embeddable":true,"href":"https:\/\/www.plurinominal.com.mx\/index.php?rest_route=\/wp\/v2\/users\/5"}],"replies":[{"embeddable":true,"href":"https:\/\/www.plurinominal.com.mx\/index.php?rest_route=%2Fwp%2Fv2%2Fcomments&post=21153"}],"version-history":[{"count":1,"href":"https:\/\/www.plurinominal.com.mx\/index.php?rest_route=\/wp\/v2\/posts\/21153\/revisions"}],"predecessor-version":[{"id":21155,"href":"https:\/\/www.plurinominal.com.mx\/index.php?rest_route=\/wp\/v2\/posts\/21153\/revisions\/21155"}],"wp:featuredmedia":[{"embeddable":true,"href":"https:\/\/www.plurinominal.com.mx\/index.php?rest_route=\/wp\/v2\/media\/21154"}],"wp:attachment":[{"href":"https:\/\/www.plurinominal.com.mx\/index.php?rest_route=%2Fwp%2Fv2%2Fmedia&parent=21153"}],"wp:term":[{"taxonomy":"category","embeddable":true,"href":"https:\/\/www.plurinominal.com.mx\/index.php?rest_route=%2Fwp%2Fv2%2Fcategories&post=21153"},{"taxonomy":"post_tag","embeddable":true,"href":"https:\/\/www.plurinominal.com.mx\/index.php?rest_route=%2Fwp%2Fv2%2Ftags&post=21153"}],"curies":[{"name":"wp","href":"https:\/\/api.w.org\/{rel}","templated":true}]}}