{"id":2118,"date":"2012-03-27T15:53:04","date_gmt":"2012-03-27T21:53:04","guid":{"rendered":"http:\/\/www.plurinominal.com.mx\/?p=2118"},"modified":"2012-03-27T15:53:04","modified_gmt":"2012-03-27T21:53:04","slug":"villa-juarez-sub-sede-en-la-xiii-copa-guadalcazar","status":"publish","type":"post","link":"https:\/\/www.plurinominal.com.mx\/?p=2118","title":{"rendered":"Villa Ju\u00e1rez, sub sede en la \u201cXIII Copa Guadalc\u00e1zar\u201d"},"content":{"rendered":"<p>El grupo 2 est\u00e1 integrado por las selecciones de Cerritos, Villa Ju\u00e1rez, Ciudad Fern\u00e1ndez y Rioverde<\/p>\n<p>Corresponsales.- El municipio de Villa Ju\u00e1rez, ser\u00e1 sub sede en la edici\u00f3n XIII de la Copa Guadalc\u00e1zar.<br \/>\nFue la administraci\u00f3n que encabeza el Ciudadano \u00c1lvaro Gustavo Jim\u00e9nez Reyes (edil de Guadalc\u00e1zar), la que organiz\u00f3 los encuentros de f\u00fatbol entre lo mejor de los equipos estatales.<br \/>\nSer\u00e1 durante los d\u00edas 7 y 8 del mes de abril, cuando se d\u00e9 comienzo a los juegos por treceava ocasi\u00f3n.<br \/>\nEn esta Copa, se han jugado grandes partidos ente los mejores futbolistas potosinos.<br \/>\nEn 2012, el grupo 2 qued\u00f3 integrado por las selecciones de Cerritos, Villa Ju\u00e1rez, Ciudad Fern\u00e1ndez y Rioverde, que disputar\u00e1n su lugar en las eliminatorias programadas para Semana Santa.<br \/>\nEl pasado viernes 23 de marzo, en el municipio de Villa Ju\u00e1rez, representantes de cada selecci\u00f3n llevaron a cabo el Sorteo Oficial del grupo 2, que arroj\u00f3 en enfrentamiento primeramente a las selecciones de Villa Ju\u00e1rez contra Ciudad Fern\u00e1ndez.<br \/>\nCerritos por su parte, enfrentar\u00e1 a Rio Verde.<br \/>\nHasta el cierre de la presente edici\u00f3n los horarios no han sido presentados al p\u00fablico pero se espera que nuestro municipio brinde una gran participaci\u00f3n ante Rioverde, equipo que presenta un alto nivel de juego.<br \/>\nEl equipo defensor Guadalc\u00e1zar buscar\u00e1 el bicampeonato. Para ello deber\u00e1 encaminarse a los enfrentamientos finales, que son protagonizados por los mejores jugadores.<br \/>\nPr\u00f3ximamente se dar\u00e1n a conocer los roles de encuentros.<br \/>\nSe avis\u00f3 que nuestra selecci\u00f3n cerritense comenzar\u00e1 con su preparaci\u00f3n f\u00edsica y mental para este torneo en el cual ya se han conseguido 2 campeonatos y privilegiados lugares.<\/p>\n","protected":false},"excerpt":{"rendered":"<p>El grupo 2 est\u00e1 integrado por las selecciones de Cerritos, Villa Ju\u00e1rez, Ciudad Fern\u00e1ndez y Rioverde Corresponsales.- El municipio de Villa Ju\u00e1rez, ser\u00e1 sub sede en la edici\u00f3n XIII de&#8230;<\/p>\n","protected":false},"author":1,"featured_media":2119,"comment_status":"closed","ping_status":"open","sticky":false,"template":"","format":"standard","meta":{"footnotes":""},"categories":[3,462,6,4],"tags":[],"class_list":["post-2118","post","type-post","status-publish","format-standard","has-post-thumbnail","hentry","category-cerritos","category-deportes","category-guadalcazar","category-villa-juarez","entry","simple"],"_links":{"self":[{"href":"https:\/\/www.plurinominal.com.mx\/index.php?rest_route=\/wp\/v2\/posts\/2118","targetHints":{"allow":["GET"]}}],"collection":[{"href":"https:\/\/www.plurinominal.com.mx\/index.php?rest_route=\/wp\/v2\/posts"}],"about":[{"href":"https:\/\/www.plurinominal.com.mx\/index.php?rest_route=\/wp\/v2\/types\/post"}],"author":[{"embeddable":true,"href":"https:\/\/www.plurinominal.com.mx\/index.php?rest_route=\/wp\/v2\/users\/1"}],"replies":[{"embeddable":true,"href":"https:\/\/www.plurinominal.com.mx\/index.php?rest_route=%2Fwp%2Fv2%2Fcomments&post=2118"}],"version-history":[{"count":0,"href":"https:\/\/www.plurinominal.com.mx\/index.php?rest_route=\/wp\/v2\/posts\/2118\/revisions"}],"wp:featuredmedia":[{"embeddable":true,"href":"https:\/\/www.plurinominal.com.mx\/index.php?rest_route=\/wp\/v2\/media\/2119"}],"wp:attachment":[{"href":"https:\/\/www.plurinominal.com.mx\/index.php?rest_route=%2Fwp%2Fv2%2Fmedia&parent=2118"}],"wp:term":[{"taxonomy":"category","embeddable":true,"href":"https:\/\/www.plurinominal.com.mx\/index.php?rest_route=%2Fwp%2Fv2%2Fcategories&post=2118"},{"taxonomy":"post_tag","embeddable":true,"href":"https:\/\/www.plurinominal.com.mx\/index.php?rest_route=%2Fwp%2Fv2%2Ftags&post=2118"}],"curies":[{"name":"wp","href":"https:\/\/api.w.org\/{rel}","templated":true}]}}