{"id":21244,"date":"2025-02-21T10:35:22","date_gmt":"2025-02-21T16:35:22","guid":{"rendered":"https:\/\/www.plurinominal.com.mx\/?p=21244"},"modified":"2025-02-21T10:35:28","modified_gmt":"2025-02-21T16:35:28","slug":"el-guma-y-su-nueva-investidura","status":"publish","type":"post","link":"https:\/\/www.plurinominal.com.mx\/?p=21244","title":{"rendered":"El Guma y su nueva investidura"},"content":{"rendered":"<p style=\"text-align: justify;\" align=\"left\">Ah, pero qu\u00e9 injusticia con El Guma, \u00bfverdad? Antes, cuando lo ve\u00edan en la plaza, era el amigo del pueblo, el que saludaba de mano y hasta bromeaba con la gente. Pero claro, ahora que est\u00e1 al frente del municipio, resulta que es un \u201cprepotente\u201d porque no puede atender a cada persona que quiera una audiencia como si fuera una consulta expr\u00e9s en la barber\u00eda.<\/p>\n<p style=\"text-align: justify;\" align=\"left\">\u00bfQue no atiende a todos personalmente? \u00a1Pues qu\u00e9 sorpresa! No sab\u00edamos que ser alcalde significaba dejarlo todo para recibir quejas las 24 horas, como si fuera un buz\u00f3n ambulante. Seguramente, entre las gestiones que se requieren para la inseguridad, los servicios b\u00e1sicos y la infraestructura que padece Guadalc\u00e1zar, ha de quedarle mucho tiempo para escuchar lamentos y reclamos en vez de hacer su trabajo.<\/p>\n<p style=\"text-align: justify;\" align=\"left\">Ahora resulta, que hay un grupo de ciudadanos muy preocupados por el manejo del dinero p\u00fablico, lo malo es que no se saben los nombres para mandarles por correo las cuentas de la oficina de transparencia donde pueden solicitar informes conforme a la ley. Porque claro, los que no ven resultados en cuatro meses de gobierno ya asumen que el presupuesto est\u00e1 en alguna caja fuerte secreta, en lugar de entender que las gestiones llevan tiempo y que los recursos no son m\u00e1gicos. El Guma ya no es el hijo de vecino sonriente que regalaba cigarros en la esquina, ahora es el alcalde, una figura de responsabilidad y respeto, y eso, por lo visto, duele m\u00e1s que una reuma en tiempo de fr\u00edo.<\/p>\n","protected":false},"excerpt":{"rendered":"<p>Ah, pero qu\u00e9 injusticia con El Guma, \u00bfverdad? Antes, cuando lo ve\u00edan en la plaza, era el amigo del pueblo, el que saludaba de mano y hasta bromeaba con la gente. Pero claro, ahora que est\u00e1 al frente del municipio, resulta que es un \u201cprepotente\u201d porque no puede atender a cada persona que quiera una audiencia como si fuera una consulta expr\u00e9s en la barber\u00eda.<\/p>\n","protected":false},"author":5,"featured_media":21245,"comment_status":"closed","ping_status":"open","sticky":false,"template":"","format":"standard","meta":{"footnotes":""},"categories":[6,5,463,485],"tags":[],"class_list":["post-21244","post","type-post","status-publish","format-standard","has-post-thumbnail","hentry","category-guadalcazar","category-opinion","category-politica","category-sociales","entry","simple"],"_links":{"self":[{"href":"https:\/\/www.plurinominal.com.mx\/index.php?rest_route=\/wp\/v2\/posts\/21244","targetHints":{"allow":["GET"]}}],"collection":[{"href":"https:\/\/www.plurinominal.com.mx\/index.php?rest_route=\/wp\/v2\/posts"}],"about":[{"href":"https:\/\/www.plurinominal.com.mx\/index.php?rest_route=\/wp\/v2\/types\/post"}],"author":[{"embeddable":true,"href":"https:\/\/www.plurinominal.com.mx\/index.php?rest_route=\/wp\/v2\/users\/5"}],"replies":[{"embeddable":true,"href":"https:\/\/www.plurinominal.com.mx\/index.php?rest_route=%2Fwp%2Fv2%2Fcomments&post=21244"}],"version-history":[{"count":1,"href":"https:\/\/www.plurinominal.com.mx\/index.php?rest_route=\/wp\/v2\/posts\/21244\/revisions"}],"predecessor-version":[{"id":21246,"href":"https:\/\/www.plurinominal.com.mx\/index.php?rest_route=\/wp\/v2\/posts\/21244\/revisions\/21246"}],"wp:featuredmedia":[{"embeddable":true,"href":"https:\/\/www.plurinominal.com.mx\/index.php?rest_route=\/wp\/v2\/media\/21245"}],"wp:attachment":[{"href":"https:\/\/www.plurinominal.com.mx\/index.php?rest_route=%2Fwp%2Fv2%2Fmedia&parent=21244"}],"wp:term":[{"taxonomy":"category","embeddable":true,"href":"https:\/\/www.plurinominal.com.mx\/index.php?rest_route=%2Fwp%2Fv2%2Fcategories&post=21244"},{"taxonomy":"post_tag","embeddable":true,"href":"https:\/\/www.plurinominal.com.mx\/index.php?rest_route=%2Fwp%2Fv2%2Ftags&post=21244"}],"curies":[{"name":"wp","href":"https:\/\/api.w.org\/{rel}","templated":true}]}}