{"id":21307,"date":"2025-04-05T08:40:27","date_gmt":"2025-04-05T14:40:27","guid":{"rendered":"https:\/\/www.plurinominal.com.mx\/?p=21307"},"modified":"2025-04-05T08:40:27","modified_gmt":"2025-04-05T14:40:27","slug":"andy-ken-revoluciona-a-seguidores-de-grupo-bryndis","status":"publish","type":"post","link":"https:\/\/www.plurinominal.com.mx\/?p=21307","title":{"rendered":"\u00abAndy Ken\u00bb revoluciona a seguidores de Grupo Bryndis"},"content":{"rendered":"<ul>\n<li style=\"text-align: justify;\">El vocalista anuncia rifa de mu\u00f1ecos personalizados tras \u00e9xito en redes<\/li>\n<\/ul>\n<p style=\"text-align: justify;\" align=\"left\"><span style=\"font-size: 10pt; font-family: trebuchet ms, geneva, sans-serif;\"><strong>BETO GUERRERO.-<\/strong> <\/span>El vocalista del Grupo Bryndis, Andy Z\u00fa\u00f1iga, desat\u00f3 una ola de comentarios en plataformas digitales tras compartir im\u00e1genes de su versi\u00f3n miniatura personalizada, denominada \u00abAndy Ken\u00bb, haciendo alusi\u00f3n a la pareja masculina de la famosa mu\u00f1eca Barbie.<\/p>\n<p style=\"text-align: justify;\" align=\"left\">La publicaci\u00f3n realizada el pasado mi\u00e9rcoles, gener\u00f3 reacciones divididas entre admiradoras que solicitaron informaci\u00f3n para adquirir la figura y seguidores masculinos que expresaron cr\u00edticas hacia el int\u00e9rprete.<\/p>\n<p style=\"text-align: justify;\" align=\"left\">Una persona, art\u00edfice de la peculiar creaci\u00f3n, F\u00e9lix Lucero, recibi\u00f3 agradecimientos p\u00fablicos del cantante mediante un mensaje en redes: \u00abMuchas gracias por el trabajo realizado\u00bb. El artesano aprovech\u00f3 para promocionar sus servicios, destacando su capacidad para elaborar figuras personalizadas de cualquier celebridad o personaje.<\/p>\n<p style=\"text-align: justify;\" align=\"left\">Michel Salander, quien encarg\u00f3 el mu\u00f1eco, manifest\u00f3 su admiraci\u00f3n hacia el vocalista: \u00abFue hecho con mucho cari\u00f1o, como fan n\u00famero uno tuya me dio mucha ilusi\u00f3n poderte dar algo especial y \u00fanico como t\u00fa\u00bb. En respuesta, Z\u00fa\u00f1iga anunci\u00f3 que pr\u00f3ximamente organizar\u00e1 una rifa para que sus seguidores tengan oportunidad de conseguir r\u00e9plicas similares.<\/p>\n","protected":false},"excerpt":{"rendered":"<p>El vocalista Andy Z\u00fa\u00f1iga posa sonriente junto a su r\u00e9plica en miniatura \u00abAndy Ken\u00bb, creaci\u00f3n artesanal de F\u00e9lix Lucero que ha generado sensaci\u00f3n entre sus seguidoras, quienes ya esperan la prometida rifa para obtener figuras similares del int\u00e9rprete del Grupo Bryndis, fen\u00f3meno musical de la onda grupera.<\/p>\n","protected":false},"author":5,"featured_media":21308,"comment_status":"closed","ping_status":"open","sticky":false,"template":"","format":"standard","meta":{"footnotes":""},"categories":[484,485],"tags":[],"class_list":["post-21307","post","type-post","status-publish","format-standard","has-post-thumbnail","hentry","category-espectaculos","category-sociales","entry","simple"],"_links":{"self":[{"href":"https:\/\/www.plurinominal.com.mx\/index.php?rest_route=\/wp\/v2\/posts\/21307","targetHints":{"allow":["GET"]}}],"collection":[{"href":"https:\/\/www.plurinominal.com.mx\/index.php?rest_route=\/wp\/v2\/posts"}],"about":[{"href":"https:\/\/www.plurinominal.com.mx\/index.php?rest_route=\/wp\/v2\/types\/post"}],"author":[{"embeddable":true,"href":"https:\/\/www.plurinominal.com.mx\/index.php?rest_route=\/wp\/v2\/users\/5"}],"replies":[{"embeddable":true,"href":"https:\/\/www.plurinominal.com.mx\/index.php?rest_route=%2Fwp%2Fv2%2Fcomments&post=21307"}],"version-history":[{"count":1,"href":"https:\/\/www.plurinominal.com.mx\/index.php?rest_route=\/wp\/v2\/posts\/21307\/revisions"}],"predecessor-version":[{"id":21309,"href":"https:\/\/www.plurinominal.com.mx\/index.php?rest_route=\/wp\/v2\/posts\/21307\/revisions\/21309"}],"wp:featuredmedia":[{"embeddable":true,"href":"https:\/\/www.plurinominal.com.mx\/index.php?rest_route=\/wp\/v2\/media\/21308"}],"wp:attachment":[{"href":"https:\/\/www.plurinominal.com.mx\/index.php?rest_route=%2Fwp%2Fv2%2Fmedia&parent=21307"}],"wp:term":[{"taxonomy":"category","embeddable":true,"href":"https:\/\/www.plurinominal.com.mx\/index.php?rest_route=%2Fwp%2Fv2%2Fcategories&post=21307"},{"taxonomy":"post_tag","embeddable":true,"href":"https:\/\/www.plurinominal.com.mx\/index.php?rest_route=%2Fwp%2Fv2%2Ftags&post=21307"}],"curies":[{"name":"wp","href":"https:\/\/api.w.org\/{rel}","templated":true}]}}