{"id":21345,"date":"2025-04-13T09:45:17","date_gmt":"2025-04-13T15:45:17","guid":{"rendered":"https:\/\/www.plurinominal.com.mx\/?p=21345"},"modified":"2025-04-24T09:47:08","modified_gmt":"2025-04-24T15:47:08","slug":"elecciones-judiciales-tendran-representante-con-nexos-en-cerritos","status":"publish","type":"post","link":"https:\/\/www.plurinominal.com.mx\/?p=21345","title":{"rendered":"Elecciones judiciales tendr\u00e1n representante con nexos en Cerritos"},"content":{"rendered":"<ul>\n<li style=\"text-align: justify;\">Jorge Antonio Esquivel aparecer\u00e1 en la boleta amarilla durante los comicios del 1 de junio<\/li>\n<\/ul>\n<p style=\"text-align: justify;\" align=\"left\"><span style=\"font-size: 10pt; font-family: 'trebuchet ms', geneva, sans-serif;\"><strong>REDACCI\u00d3N.-<\/strong><\/span> Jorge Antonio Esquivel Guill\u00e9n, quien durante a\u00f1os vivi\u00f3 en Cerritos y mantiene fuertes lazos familiares y sociales en esta localidad, aspira a ocupar una posici\u00f3n relevante dentro del sistema judicial federal. El candidato, quien posee m\u00e1s de dos d\u00e9cadas de trayectoria en funciones p\u00fablicas, busca convertirse en Juez Federal de Primera Instancia especializado en Materia Penal mediante el proceso electoral que se realizar\u00e1 el pr\u00f3ximo 1 de junio.<\/p>\n<p style=\"text-align: justify;\" align=\"left\">En su propaganda electoral, Esquivel Guill\u00e9n invita a los ciudadanos a marcarlo con el n\u00famero 18 en la boleta amarilla correspondiente, destacando su compromiso con una administraci\u00f3n de justicia caracterizada por imparcialidad y transparencia. Su mensaje hace \u00e9nfasis en la experiencia acumulada durante a\u00f1os de servicio y su determinaci\u00f3n para transformar el sistema judicial desde sus estructuras internas.<\/p>\n<p style=\"text-align: justify;\" align=\"left\">Las pr\u00f3ximas elecciones judiciales representan un momento hist\u00f3rico para San Luis Potos\u00ed, entidad conformada por 59 municipios distribuidos en 13 distritos judiciales. Los votantes tendr\u00e1n la oportunidad de elegir tanto a jueces como magistrados del Poder Judicial del Estado, as\u00ed como a sus hom\u00f3logos a nivel federal.<\/p>\n<p style=\"text-align: justify;\" align=\"left\">Este proceso forma parte de la implementaci\u00f3n de la reforma judicial, mediante la cual la ciudadan\u00eda podr\u00e1 participar directamente en la selecci\u00f3n de integrantes del Supremo Tribunal de Justicia del Estado, el Tribunal de Disciplina Judicial y los diversos juzgados correspondientes a cada distrito judicial.<\/p>\n","protected":false},"excerpt":{"rendered":"<p>Jorge Antonio Esquivel Guill\u00e9n, quien durante a\u00f1os vivi\u00f3 en Cerritos y mantiene fuertes lazos familiares y sociales en esta localidad, aspira a ocupar una posici\u00f3n relevante dentro del sistema judicial federal. El candidato, quien posee m\u00e1s de dos d\u00e9cadas de trayectoria en funciones p\u00fablicas, busca convertirse en Juez Federal de Primera Instancia especializado en Materia Penal mediante el proceso electoral que se realizar\u00e1 el pr\u00f3ximo 1 de junio.<\/p>\n","protected":false},"author":5,"featured_media":21346,"comment_status":"closed","ping_status":"open","sticky":false,"template":"","format":"standard","meta":{"footnotes":""},"categories":[3,463],"tags":[],"class_list":["post-21345","post","type-post","status-publish","format-standard","has-post-thumbnail","hentry","category-cerritos","category-politica","entry","simple"],"_links":{"self":[{"href":"https:\/\/www.plurinominal.com.mx\/index.php?rest_route=\/wp\/v2\/posts\/21345","targetHints":{"allow":["GET"]}}],"collection":[{"href":"https:\/\/www.plurinominal.com.mx\/index.php?rest_route=\/wp\/v2\/posts"}],"about":[{"href":"https:\/\/www.plurinominal.com.mx\/index.php?rest_route=\/wp\/v2\/types\/post"}],"author":[{"embeddable":true,"href":"https:\/\/www.plurinominal.com.mx\/index.php?rest_route=\/wp\/v2\/users\/5"}],"replies":[{"embeddable":true,"href":"https:\/\/www.plurinominal.com.mx\/index.php?rest_route=%2Fwp%2Fv2%2Fcomments&post=21345"}],"version-history":[{"count":1,"href":"https:\/\/www.plurinominal.com.mx\/index.php?rest_route=\/wp\/v2\/posts\/21345\/revisions"}],"predecessor-version":[{"id":21347,"href":"https:\/\/www.plurinominal.com.mx\/index.php?rest_route=\/wp\/v2\/posts\/21345\/revisions\/21347"}],"wp:featuredmedia":[{"embeddable":true,"href":"https:\/\/www.plurinominal.com.mx\/index.php?rest_route=\/wp\/v2\/media\/21346"}],"wp:attachment":[{"href":"https:\/\/www.plurinominal.com.mx\/index.php?rest_route=%2Fwp%2Fv2%2Fmedia&parent=21345"}],"wp:term":[{"taxonomy":"category","embeddable":true,"href":"https:\/\/www.plurinominal.com.mx\/index.php?rest_route=%2Fwp%2Fv2%2Fcategories&post=21345"},{"taxonomy":"post_tag","embeddable":true,"href":"https:\/\/www.plurinominal.com.mx\/index.php?rest_route=%2Fwp%2Fv2%2Ftags&post=21345"}],"curies":[{"name":"wp","href":"https:\/\/api.w.org\/{rel}","templated":true}]}}