{"id":21367,"date":"2025-04-22T08:49:39","date_gmt":"2025-04-22T14:49:39","guid":{"rendered":"https:\/\/www.plurinominal.com.mx\/?p=21367"},"modified":"2025-04-29T09:05:55","modified_gmt":"2025-04-29T15:05:55","slug":"drama-deportivo-en-tradicionales-carreras-de-semana-santa","status":"publish","type":"post","link":"https:\/\/www.plurinominal.com.mx\/?p=21367","title":{"rendered":"Drama deportivo en tradicionales carreras de Semana Santa"},"content":{"rendered":"<ul>\n<li style=\"text-align: justify;\">Impacto contra elemento divisorio provoca lesiones menores a joven atleta durante competencia<\/li>\n<\/ul>\n<p style=\"text-align: justify;\" align=\"left\"><span style=\"font-size: 10pt; font-family: 'trebuchet ms', geneva, sans-serif;\"><strong>BETO GUERRERO.-<\/strong><\/span> Un incidente deportivo marc\u00f3 la competencia de las \u201ccarreras de a pie\u201d, celebrada durante el Viernes Santo en el Campo Abasolo de Cerritos. Un adolescente de aproximadamente 16 a\u00f1os protagoniz\u00f3 un aparatoso accidente cuando, pr\u00f3ximo a cruzar la meta, impact\u00f3 contra la vara delimitadora que establece la distancia reglamentaria entre competidores.<\/p>\n<p style=\"text-align: justify;\" align=\"left\">El joven atleta, quien disputaba posiciones con un rival de edad similar, recibi\u00f3 diversos golpes en el rostro a consecuencia del choque, sufriendo adem\u00e1s un ligero desvanecimiento que lo mantuvo tendido sobre la pista moment\u00e1neamente. Los organizadores y asistentes acudieron r\u00e1pidamente en su auxilio, encontr\u00e1ndolo aturdido y con molestias en una extremidad inferior.<\/p>\n<p style=\"text-align: justify;\" align=\"left\">Testigos captaron en video el momento posterior al percance, donde se observa al corredor en el suelo rodeado por espectadores curiosos, a quienes se les solicit\u00f3 retirarse para proporcionar espacio y ventilaci\u00f3n adecuada al afectado.<\/p>\n<p style=\"text-align: justify;\" align=\"left\">Afortunadamente, transcurridos veinte minutos desde el incidente, el participante mostr\u00f3 notable mejor\u00eda en su estado f\u00edsico. Sin embargo, debido a las circunstancias, las autoridades deportivas determinaron declarar un empate en la competencia, estableciendo que la definici\u00f3n del ganador se realizar\u00e1 hasta la edici\u00f3n del pr\u00f3ximo a\u00f1o.<\/p>\n<p align=\"left\">\n<style>\n.responsive-iframe {\n  position: relative;\n  width: 100%;\n  padding-bottom: 56.25%; \/* 16:9 ratio *\/\n  height: 0;\n}\n.responsive-iframe iframe {\n  position: absolute;\n  width: 100%;\n  height: 100%;\n  left: 0;\n  top: 0;\n}\n<\/style>\n<\/p>\n<div class=\"responsive-iframe\"><iframe loading=\"lazy\" title=\"YouTube video player\" src=\"\/\/www.youtube.com\/embed\/BcDzyYovosw?feature=share\" width=\"560\" height=\"314\" frameborder=\"0\" allowfullscreen=\"allowfullscreen\" data-mce-fragment=\"1\"><\/iframe><\/div>\n","protected":false},"excerpt":{"rendered":"<p>Espectadores rodean al joven corredor ca\u00eddo durante las competencias pedestres del Viernes Santo en Campo Abasolo. El adolescente impact\u00f3 contra una vara delimitadora cerca de la meta, provoc\u00e1ndole un desvanecimiento temporal y lesiones menores que obligaron a declarar empate en la contienda.<\/p>\n","protected":false},"author":5,"featured_media":21368,"comment_status":"closed","ping_status":"open","sticky":false,"template":"","format":"standard","meta":{"footnotes":""},"categories":[3,462,485],"tags":[],"class_list":["post-21367","post","type-post","status-publish","format-standard","has-post-thumbnail","hentry","category-cerritos","category-deportes","category-sociales","entry","simple"],"_links":{"self":[{"href":"https:\/\/www.plurinominal.com.mx\/index.php?rest_route=\/wp\/v2\/posts\/21367","targetHints":{"allow":["GET"]}}],"collection":[{"href":"https:\/\/www.plurinominal.com.mx\/index.php?rest_route=\/wp\/v2\/posts"}],"about":[{"href":"https:\/\/www.plurinominal.com.mx\/index.php?rest_route=\/wp\/v2\/types\/post"}],"author":[{"embeddable":true,"href":"https:\/\/www.plurinominal.com.mx\/index.php?rest_route=\/wp\/v2\/users\/5"}],"replies":[{"embeddable":true,"href":"https:\/\/www.plurinominal.com.mx\/index.php?rest_route=%2Fwp%2Fv2%2Fcomments&post=21367"}],"version-history":[{"count":1,"href":"https:\/\/www.plurinominal.com.mx\/index.php?rest_route=\/wp\/v2\/posts\/21367\/revisions"}],"predecessor-version":[{"id":21369,"href":"https:\/\/www.plurinominal.com.mx\/index.php?rest_route=\/wp\/v2\/posts\/21367\/revisions\/21369"}],"wp:featuredmedia":[{"embeddable":true,"href":"https:\/\/www.plurinominal.com.mx\/index.php?rest_route=\/wp\/v2\/media\/21368"}],"wp:attachment":[{"href":"https:\/\/www.plurinominal.com.mx\/index.php?rest_route=%2Fwp%2Fv2%2Fmedia&parent=21367"}],"wp:term":[{"taxonomy":"category","embeddable":true,"href":"https:\/\/www.plurinominal.com.mx\/index.php?rest_route=%2Fwp%2Fv2%2Fcategories&post=21367"},{"taxonomy":"post_tag","embeddable":true,"href":"https:\/\/www.plurinominal.com.mx\/index.php?rest_route=%2Fwp%2Fv2%2Ftags&post=21367"}],"curies":[{"name":"wp","href":"https:\/\/api.w.org\/{rel}","templated":true}]}}