{"id":21373,"date":"2025-05-01T17:00:38","date_gmt":"2025-05-01T23:00:38","guid":{"rendered":"https:\/\/www.plurinominal.com.mx\/?p=21373"},"modified":"2025-05-01T17:00:38","modified_gmt":"2025-05-01T23:00:38","slug":"cerriles-2335","status":"publish","type":"post","link":"https:\/\/www.plurinominal.com.mx\/?p=21373","title":{"rendered":"CERRILES 2335"},"content":{"rendered":"<p style=\"text-align: justify;\" align=\"left\">\u00a1Vaya teatro que nos montan los panistas potosinos! Mientras la dirigencia nacional se toma su tiempo \u2014quiz\u00e1s esperando revelaci\u00f3n divina\u2014 la militancia local permanece en el limbo pol\u00edtico. La Comisi\u00f3n Permanente del CEN parece haber confundido \u00abpermanente\u00bb con \u00abeternamente indecisa\u00bb, dejando a Ver\u00f3nica Rodr\u00edguez y Lidia Arg\u00fcello suspendidas en un extra\u00f1o purgatorio partidista. \u00bfY qu\u00e9 mejor excusa que el asueto del D\u00eda del Trabajo para alargar la agon\u00eda? \u00a1Perfecta iron\u00eda! Precisamente cuando deber\u00edan estar trabajando en soluciones, prefieren descansar. El Tribunal Electoral ya dictamin\u00f3 hace casi un mes que repusieran el proceso por irregularidades, pero el PAN interpreta \u00aburgente\u00bb como \u00abcuando nos venga en gana\u00bb. Los 37 comit\u00e9s municipales ya han sido consultados, mientras cuatro se mantienen en rebeld\u00eda o quiz\u00e1s olvidados por la geograf\u00eda pol\u00edtica. Entretanto, los militantes expresan su \u00abpreocupaci\u00f3n\u00bb en redes sociales \u2014ese moderno confesionario donde los pecados pol\u00edticos se exp\u00edan con hashtags indignados. Este culebr\u00f3n blanquiazul promete m\u00e1s entregas que una serie de Netflix. \u00bfUnidad partidista? Por favor, primero tendr\u00edan que encontrar la br\u00fajula pol\u00edtica que extraviaron hace tiempo.<\/p>\n<p style=\"text-align: justify;\" align=\"left\">\u00bfQu\u00e9 onda con Cerritos, \u00bfneta quiere ser Pueblo M\u00e1gico o nom\u00e1s es puro cuento? Los ciudadanos est\u00e1n que arden y con raz\u00f3n, porque mientras se presumen avances en turismo y cultura, hay cosas que nom\u00e1s no cuadran. Por un lado, est\u00e1n ech\u00e1ndole ganitas con la restauraci\u00f3n del kiosco municipal y la antigua estaci\u00f3n del ferrocarril, que dicen que ser\u00e1 un museo ferroviario bien chido, liderado por el arquitecto Jaime Luna. Pero por otro, la demolici\u00f3n de una casona de 1870 en la calle Abasolo tiene a todos con el ojo cuadrado. \u00bfQu\u00e9 no se supone que hay que cuidar el patrimonio hist\u00f3rico para entrarle a eso del Pueblo M\u00e1gico? Los vecinos est\u00e1n que no creen el descaro: esa casona, seg\u00fan cuentan, era una joya de la zona, y ahora nom\u00e1s queda un terrenito pel\u00f3n, como si nada. Mientras tanto, en la calle Escobedo, otra construcci\u00f3n de edad parecida no solo no la tumbaron, sino que la rehabilitaron, porque seg\u00fan el Consejo de Patrimonio Hist\u00f3rico, hay que conservar la estructura original sin hacerle cambios. \u00bfEntonces? \u00bfEn qu\u00e9 quedamos? Los que est\u00e1n a cargo de estos proyectos, deber\u00edan salir a dar la cara y explicar clarito cu\u00e1les son las reglas, porque ahorita parece que es puro \u201cdepende de c\u00f3mo me caigas\u201d. Y no es solo eso, en el centro hist\u00f3rico de Cerritos, est\u00e1n poniendo bien bonito todo, armonizando colores y restaurando fachadas, pero en las orillitas de Cerritos siguen derribando edificaciones hist\u00f3ricas como si fueran estorbos. La neta, si de verdad quieren esa denominaci\u00f3n de Pueblo M\u00e1gico, tienen que ponerse las pilas y ser parejos con las normas. No puede ser que por un lado se la pasen presumiendo la herencia cultural y por otro dejen que se pierdan pedazos de historia as\u00ed nom\u00e1s. La gente ya no se la cree, y con raz\u00f3n: o se comprometen a cuidar todo el patrimonio, o mejor que ni le busquen. Cerritos tiene todo para brillar, pero si no hay claridad en c\u00f3mo manejan estas cosas, se van a quedar nom\u00e1s con las ganas de ser un destino m\u00e1gico.<\/p>\n<p style=\"text-align: justify;\" align=\"left\">Nos leemos la pr\u00f3xima&#8230;<\/p>\n","protected":false},"excerpt":{"rendered":"<p>\u00a1Vaya teatro que nos montan los panistas potosinos!<\/p>\n","protected":false},"author":5,"featured_media":19488,"comment_status":"closed","ping_status":"open","sticky":false,"template":"","format":"standard","meta":{"footnotes":""},"categories":[3,5],"tags":[],"class_list":["post-21373","post","type-post","status-publish","format-standard","has-post-thumbnail","hentry","category-cerritos","category-opinion","entry","simple"],"_links":{"self":[{"href":"https:\/\/www.plurinominal.com.mx\/index.php?rest_route=\/wp\/v2\/posts\/21373","targetHints":{"allow":["GET"]}}],"collection":[{"href":"https:\/\/www.plurinominal.com.mx\/index.php?rest_route=\/wp\/v2\/posts"}],"about":[{"href":"https:\/\/www.plurinominal.com.mx\/index.php?rest_route=\/wp\/v2\/types\/post"}],"author":[{"embeddable":true,"href":"https:\/\/www.plurinominal.com.mx\/index.php?rest_route=\/wp\/v2\/users\/5"}],"replies":[{"embeddable":true,"href":"https:\/\/www.plurinominal.com.mx\/index.php?rest_route=%2Fwp%2Fv2%2Fcomments&post=21373"}],"version-history":[{"count":1,"href":"https:\/\/www.plurinominal.com.mx\/index.php?rest_route=\/wp\/v2\/posts\/21373\/revisions"}],"predecessor-version":[{"id":21374,"href":"https:\/\/www.plurinominal.com.mx\/index.php?rest_route=\/wp\/v2\/posts\/21373\/revisions\/21374"}],"wp:featuredmedia":[{"embeddable":true,"href":"https:\/\/www.plurinominal.com.mx\/index.php?rest_route=\/wp\/v2\/media\/19488"}],"wp:attachment":[{"href":"https:\/\/www.plurinominal.com.mx\/index.php?rest_route=%2Fwp%2Fv2%2Fmedia&parent=21373"}],"wp:term":[{"taxonomy":"category","embeddable":true,"href":"https:\/\/www.plurinominal.com.mx\/index.php?rest_route=%2Fwp%2Fv2%2Fcategories&post=21373"},{"taxonomy":"post_tag","embeddable":true,"href":"https:\/\/www.plurinominal.com.mx\/index.php?rest_route=%2Fwp%2Fv2%2Ftags&post=21373"}],"curies":[{"name":"wp","href":"https:\/\/api.w.org\/{rel}","templated":true}]}}