{"id":21376,"date":"2025-05-01T19:05:22","date_gmt":"2025-05-02T01:05:22","guid":{"rendered":"https:\/\/www.plurinominal.com.mx\/?p=21376"},"modified":"2025-05-05T19:07:57","modified_gmt":"2025-05-06T01:07:57","slug":"cerritenses-buscan-ocupar-juzgados-en-eleccion-historica","status":"publish","type":"post","link":"https:\/\/www.plurinominal.com.mx\/?p=21376","title":{"rendered":"Cerritenses buscan ocupar juzgados en elecci\u00f3n hist\u00f3rica"},"content":{"rendered":"<ul>\n<li style=\"text-align: justify;\">Claudia Medell\u00edn y David Mac\u00edas compiten por distintos distritos judiciales en los comicios del 1 de junio<\/li>\n<\/ul>\n<p style=\"text-align: justify;\" align=\"left\"><span style=\"font-size: 10pt; font-family: 'trebuchet ms', geneva, sans-serif;\"><strong>MARCO SERNA.-<\/strong> <\/span>La contienda electoral para ocupar el cargo de Juez Mixto de Primera Instancia se intensifica en la regi\u00f3n, con dos candidatos cerritenses buscando el respaldo popular para diferentes distritos judiciales en las elecciones del pr\u00f3ximo 1 de junio. Claudia Medell\u00edn Mendoza y David Alejandro Mac\u00edas Garc\u00eda representan las nuevas figuras que aspiran a formar parte del sistema judicial mediante el voto directo de la ciudadan\u00eda.<\/p>\n<p style=\"text-align: justify;\" align=\"left\">Medell\u00edn Mendoza, quien comenz\u00f3 su trayectoria p\u00fablica de la mano del Partido Verde Ecologista, ahora busca convertirse en Juez Mixto de Primera Instancia del Noveno Distrito Judicial. La candidata, identificada con el n\u00famero 175 en la boleta verde local, ha iniciado una campa\u00f1a activa en redes sociales bajo los lemas \u00abno solo soy tu \u00fanica opci\u00f3n,soy la mejor\u00bb y \u00abSoy Claudia\u00bb, solicitando el apoyo de familiares, amistades y conocidos para difundir su propuesta electoral.<\/p>\n<p style=\"text-align: justify;\" align=\"left\">Seg\u00fan fuentes consultadas, Claudia mantiene v\u00ednculos familiares y domicilio en Cerritos. Su experiencia profesional incluye diversos cargos p\u00fablicos obtenidos durante su afiliaci\u00f3n con el partido verde, trayectoria que ahora busca capitalizar en esta hist\u00f3rica elecci\u00f3n judicial.<\/p>\n<p style=\"text-align: justify;\" align=\"left\">Por otra parte, David Alejandro Mac\u00edas Garc\u00eda tambi\u00e9n exfuncionario del Partido Verde, busca un puesto similar pero en el Quinto Distrito Judicial, que comprende Ciudad del Ma\u00edz y El Naranjo. Con el n\u00famero 184 en la boleta correspondiente, este profesional del derecho cuenta con una maestr\u00eda en la materia y m\u00e1s de quince a\u00f1os de experiencia como abogado litigante, docente y servidor p\u00fablico.<\/p>\n<p style=\"text-align: justify;\" align=\"left\">La plataforma de Mac\u00edas Garc\u00eda se sustenta en tres compromisos fundamentales: establecer una \u00abjusticia independiente e imparcial\u00bb libre de influencias externas y presiones; implementar una pol\u00edtica de \u00abcero corrupci\u00f3n\u00bb, enfatizando que la justicia representa un derecho humano b\u00e1sico y no un privilegio; y mantener una permanente \u00abcercan\u00eda a la gente\u00bb, escuchando a las partes involucradas en los procesos judiciales considerando siempre la realidad social.<\/p>\n<p style=\"text-align: justify;\" align=\"left\">La jornada electoral del 1 de junio definir\u00e1 qui\u00e9nes ocupar\u00e1n estos importantes cargos dentro del poder judicial potosino, en un ejercicio democr\u00e1tico sin precedentes que pone en manos de la ciudadan\u00eda la selecci\u00f3n de sus jueces.<\/p>\n","protected":false},"excerpt":{"rendered":"<p>La contienda electoral para ocupar el cargo de Juez Mixto de Primera Instancia se intensifica en la regi\u00f3n, con dos candidatos cerritenses buscando el respaldo popular para diferentes distritos judiciales en las elecciones del pr\u00f3ximo 1 de junio. Claudia Medell\u00edn Mendoza y David Alejandro Mac\u00edas Garc\u00eda representan las nuevas figuras que aspiran a formar parte del sistema judicial mediante el voto directo de la ciudadan\u00eda.<\/p>\n","protected":false},"author":5,"featured_media":21377,"comment_status":"closed","ping_status":"open","sticky":false,"template":"","format":"standard","meta":{"footnotes":""},"categories":[3,463,485],"tags":[],"class_list":["post-21376","post","type-post","status-publish","format-standard","has-post-thumbnail","hentry","category-cerritos","category-politica","category-sociales","entry","simple"],"_links":{"self":[{"href":"https:\/\/www.plurinominal.com.mx\/index.php?rest_route=\/wp\/v2\/posts\/21376","targetHints":{"allow":["GET"]}}],"collection":[{"href":"https:\/\/www.plurinominal.com.mx\/index.php?rest_route=\/wp\/v2\/posts"}],"about":[{"href":"https:\/\/www.plurinominal.com.mx\/index.php?rest_route=\/wp\/v2\/types\/post"}],"author":[{"embeddable":true,"href":"https:\/\/www.plurinominal.com.mx\/index.php?rest_route=\/wp\/v2\/users\/5"}],"replies":[{"embeddable":true,"href":"https:\/\/www.plurinominal.com.mx\/index.php?rest_route=%2Fwp%2Fv2%2Fcomments&post=21376"}],"version-history":[{"count":1,"href":"https:\/\/www.plurinominal.com.mx\/index.php?rest_route=\/wp\/v2\/posts\/21376\/revisions"}],"predecessor-version":[{"id":21378,"href":"https:\/\/www.plurinominal.com.mx\/index.php?rest_route=\/wp\/v2\/posts\/21376\/revisions\/21378"}],"wp:featuredmedia":[{"embeddable":true,"href":"https:\/\/www.plurinominal.com.mx\/index.php?rest_route=\/wp\/v2\/media\/21377"}],"wp:attachment":[{"href":"https:\/\/www.plurinominal.com.mx\/index.php?rest_route=%2Fwp%2Fv2%2Fmedia&parent=21376"}],"wp:term":[{"taxonomy":"category","embeddable":true,"href":"https:\/\/www.plurinominal.com.mx\/index.php?rest_route=%2Fwp%2Fv2%2Fcategories&post=21376"},{"taxonomy":"post_tag","embeddable":true,"href":"https:\/\/www.plurinominal.com.mx\/index.php?rest_route=%2Fwp%2Fv2%2Ftags&post=21376"}],"curies":[{"name":"wp","href":"https:\/\/api.w.org\/{rel}","templated":true}]}}