{"id":21382,"date":"2025-04-25T07:18:56","date_gmt":"2025-04-25T13:18:56","guid":{"rendered":"https:\/\/www.plurinominal.com.mx\/?p=21382"},"modified":"2025-05-06T07:24:24","modified_gmt":"2025-05-06T13:24:24","slug":"ejidatarios-de-el-peyote-resisten-proyecto-carretero","status":"publish","type":"post","link":"https:\/\/www.plurinominal.com.mx\/?p=21382","title":{"rendered":"Ejidatarios de El Peyote resisten proyecto carretero"},"content":{"rendered":"<ul>\n<li style=\"text-align: justify;\">Habitantes de Guadalc\u00e1zar exigen transparencia y negociaci\u00f3n justa ante amenaza a su territorio<\/li>\n<\/ul>\n<p style=\"text-align: justify;\" align=\"left\"><span style=\"font-size: 10pt; font-family: 'trebuchet ms', geneva, sans-serif;\"><strong>REDACCI\u00d3N.-<\/strong> <\/span>La resistencia se organiza frente al proyecto carretero que amenaza al Ejido El Peyote en Guadalc\u00e1zar. A trav\u00e9s de la p\u00e1gina \u00abLa Sierra de San Miguelito somos todos\u00bb, diversos grupos ciudadanos han manifestado su respaldo a los habitantes que rechazan ceder sus terrenos para la construcci\u00f3n de la autopista.<\/p>\n<p style=\"text-align: justify;\" align=\"left\">Los ejidatarios exigen transparencia total en la presentaci\u00f3n del proyecto, garant\u00edas escritas sobre los beneficios prometidos y un proceso de negociaci\u00f3n justo que les otorgue ventajas reales. Cuestionan el concepto de \u00abprogreso\u00bb cuando las comunidades terminan aisladas por carriles confinados, soportando contaminaci\u00f3n ac\u00fastica permanente y sin posibilidad de aprovechar econ\u00f3micamente la v\u00eda, ya que los servicios quedan restringidos a concesionarios privados vinculados con autoridades gubernamentales.<\/p>\n<p style=\"text-align: justify;\" align=\"left\">Los defensores del territorio tambi\u00e9n demandan estudios de impacto ambiental rigurosos y precios compensatorios dignos por sus propiedades. \u00abNo vamos a doblegarnos\u00bb, afirman algunos pobladores de El Peyote mientras suman apoyos a su causa.<\/p>\n","protected":false},"excerpt":{"rendered":"<p>La resistencia se organiza frente al proyecto carretero que amenaza al Ejido El Peyote en Guadalc\u00e1zar. A trav\u00e9s de la p\u00e1gina \u00abLa Sierra de San Miguelito somos todos\u00bb, diversos grupos ciudadanos han manifestado su respaldo a los habitantes que rechazan ceder sus terrenos para la construcci\u00f3n de la autopista.<\/p>\n","protected":false},"author":5,"featured_media":21383,"comment_status":"closed","ping_status":"open","sticky":false,"template":"","format":"standard","meta":{"footnotes":""},"categories":[6,485],"tags":[],"class_list":["post-21382","post","type-post","status-publish","format-standard","has-post-thumbnail","hentry","category-guadalcazar","category-sociales","entry","simple"],"_links":{"self":[{"href":"https:\/\/www.plurinominal.com.mx\/index.php?rest_route=\/wp\/v2\/posts\/21382","targetHints":{"allow":["GET"]}}],"collection":[{"href":"https:\/\/www.plurinominal.com.mx\/index.php?rest_route=\/wp\/v2\/posts"}],"about":[{"href":"https:\/\/www.plurinominal.com.mx\/index.php?rest_route=\/wp\/v2\/types\/post"}],"author":[{"embeddable":true,"href":"https:\/\/www.plurinominal.com.mx\/index.php?rest_route=\/wp\/v2\/users\/5"}],"replies":[{"embeddable":true,"href":"https:\/\/www.plurinominal.com.mx\/index.php?rest_route=%2Fwp%2Fv2%2Fcomments&post=21382"}],"version-history":[{"count":1,"href":"https:\/\/www.plurinominal.com.mx\/index.php?rest_route=\/wp\/v2\/posts\/21382\/revisions"}],"predecessor-version":[{"id":21384,"href":"https:\/\/www.plurinominal.com.mx\/index.php?rest_route=\/wp\/v2\/posts\/21382\/revisions\/21384"}],"wp:featuredmedia":[{"embeddable":true,"href":"https:\/\/www.plurinominal.com.mx\/index.php?rest_route=\/wp\/v2\/media\/21383"}],"wp:attachment":[{"href":"https:\/\/www.plurinominal.com.mx\/index.php?rest_route=%2Fwp%2Fv2%2Fmedia&parent=21382"}],"wp:term":[{"taxonomy":"category","embeddable":true,"href":"https:\/\/www.plurinominal.com.mx\/index.php?rest_route=%2Fwp%2Fv2%2Fcategories&post=21382"},{"taxonomy":"post_tag","embeddable":true,"href":"https:\/\/www.plurinominal.com.mx\/index.php?rest_route=%2Fwp%2Fv2%2Ftags&post=21382"}],"curies":[{"name":"wp","href":"https:\/\/api.w.org\/{rel}","templated":true}]}}