{"id":21421,"date":"2025-05-17T12:05:21","date_gmt":"2025-05-17T18:05:21","guid":{"rendered":"https:\/\/www.plurinominal.com.mx\/?p=21421"},"modified":"2025-05-27T12:06:35","modified_gmt":"2025-05-27T18:06:35","slug":"funcionarios-de-villa-hidalgo-bajo-escrutinio-publico-por-viajes-a-europa","status":"publish","type":"post","link":"https:\/\/www.plurinominal.com.mx\/?p=21421","title":{"rendered":"Funcionarios de Villa Hidalgo bajo escrutinio p\u00fablico por viajes a Europa"},"content":{"rendered":"<ul>\n<li style=\"text-align: justify;\">Ciudadanos critican ausencias de regidor y otros servidores p\u00fablicos mientras denuncian carencias en el municipio<\/li>\n<\/ul>\n<p style=\"text-align: justify;\" align=\"left\"><span style=\"font-size: 10pt; font-family: 'trebuchet ms', geneva, sans-serif;\"><strong>REDACCI\u00d3N.-<\/strong><\/span> La tensi\u00f3n entre los servidores p\u00fablicos y la ciudadan\u00eda de Villa Hidalgo ha alcanzado nuevos niveles tras revelarse que varios funcionarios municipales han realizado viajes al continente europeo, generando una ola de indignaci\u00f3n en la comunidad. El caso m\u00e1s reciente involucra al regidor Ismael Castilleja, quien se sum\u00f3 a la lista de autoridades que han abandonado temporalmente sus responsabilidades para disfrutar de vacaciones en el extranjero.<\/p>\n<p style=\"text-align: justify;\" align=\"left\">Este no representa un caso aislado dentro de la actual administraci\u00f3n municipal. Al inicio de la gesti\u00f3n encabezada por Crystal Alva Venegas como Presidenta Municipal de Villa Hidalgo, tanto el secretario del ayuntamiento identificado como licenciado Javier, como la tesorera municipal, se ausentaron durante la primera semana de labores para viajar tambi\u00e9n al viejo continente, dejando sus obligaciones en un momento considerado crucial para establecer las bases de trabajo del nuevo gobierno.<\/p>\n<p style=\"text-align: justify;\" align=\"left\">La controversia ha trascendido a las plataformas digitales, donde seguidores de Plurinominal han expresado opiniones divididas sobre la pertinencia de estas decisiones personales de los funcionarios. Algunos ciudadanos argumentan que se trata de recursos econ\u00f3micos particulares y que, como cualquier individuo, tienen derecho a disfrutar de su patrimonio como mejor les parezca.<\/p>\n<p style=\"text-align: justify;\" align=\"left\">Sin embargo, otros pobladores han manifestado su descontento se\u00f1alando que, si bien pueden disponer libremente de sus ingresos, estos provienen de las arcas p\u00fablicas en forma de salarios que califican como \u00abnada bajitos\u00bb. Asimismo, enfatizan que dichos desplazamientos ocurren en un contexto donde la administraci\u00f3n municipal enfrenta numerosos desaf\u00edos y limitaciones presupuestarias para atender las necesidades b\u00e1sicas de los habitantes.<\/p>\n<p style=\"text-align: justify;\" align=\"left\">El caso del regidor Castilleja ha generado particular molestia entre quienes recuerdan su postura cr\u00edtica hacia administraciones anteriores. \u00abAntes despotricaba contra el gobierno, pero ahora que forma parte del Cabildo est\u00e1 muy calladito\u00bb, expres\u00f3 un vecino que comparti\u00f3 la foto con Plurinominal. Esta persona forma parte de un grupo de cr\u00edticos del gobierno de Villa Hidalgo, que participan en WhatsApp.<\/p>\n<p style=\"text-align: justify;\" align=\"left\">Los cuestionamientos se extienden hacia su desempe\u00f1o, pues varios habitantes exigen resultados concretos o justificaci\u00f3n de acciones emprendidas en beneficio de la comunidad.<\/p>\n<p style=\"text-align: justify;\" align=\"left\">\u00abS\u00ed&#8230; es dinero de ellos, pero son funcionarios de 24 horas, del pueblo, que los escogi\u00f3. Es una burla que mientras en la Villa haya mucha gente pobre, ellos se den vida de ricos\u00bb, agreg\u00f3 el ciudadano.<\/p>\n<p style=\"text-align: justify;\" align=\"left\">Los cr\u00edticos se\u00f1alan que un servidor p\u00fablico adquiere un compromiso que va m\u00e1s all\u00e1 del horario administrativo convencional, especialmente en municipios con altos \u00edndices de marginaci\u00f3n y necesidades apremiantes.<\/p>\n<p style=\"text-align: justify;\" align=\"left\">Algunos comentarios tambi\u00e9n sugieren que los funcionarios desconocen la magnitud de sus responsabilidades, como en el caso espec\u00edfico del regidor, donde se cuestiona si \u00abtiene idea de las funciones que tiene\u00bb.<\/p>\n<p style=\"text-align: justify;\" align=\"left\">\n<p style=\"text-align: justify;\" align=\"left\">\n","protected":false},"excerpt":{"rendered":"<p>El regidor Ismael Castilleja, quien se sum\u00f3 a la lista de autoridades que han abandonado temporalmente sus responsabilidades para disfrutar de vacaciones en Europa.<\/p>\n","protected":false},"author":5,"featured_media":21422,"comment_status":"closed","ping_status":"open","sticky":false,"template":"","format":"standard","meta":{"footnotes":""},"categories":[485,482],"tags":[],"class_list":["post-21421","post","type-post","status-publish","format-standard","has-post-thumbnail","hentry","category-sociales","category-villa-hidalgo","entry","simple"],"_links":{"self":[{"href":"https:\/\/www.plurinominal.com.mx\/index.php?rest_route=\/wp\/v2\/posts\/21421","targetHints":{"allow":["GET"]}}],"collection":[{"href":"https:\/\/www.plurinominal.com.mx\/index.php?rest_route=\/wp\/v2\/posts"}],"about":[{"href":"https:\/\/www.plurinominal.com.mx\/index.php?rest_route=\/wp\/v2\/types\/post"}],"author":[{"embeddable":true,"href":"https:\/\/www.plurinominal.com.mx\/index.php?rest_route=\/wp\/v2\/users\/5"}],"replies":[{"embeddable":true,"href":"https:\/\/www.plurinominal.com.mx\/index.php?rest_route=%2Fwp%2Fv2%2Fcomments&post=21421"}],"version-history":[{"count":1,"href":"https:\/\/www.plurinominal.com.mx\/index.php?rest_route=\/wp\/v2\/posts\/21421\/revisions"}],"predecessor-version":[{"id":21423,"href":"https:\/\/www.plurinominal.com.mx\/index.php?rest_route=\/wp\/v2\/posts\/21421\/revisions\/21423"}],"wp:featuredmedia":[{"embeddable":true,"href":"https:\/\/www.plurinominal.com.mx\/index.php?rest_route=\/wp\/v2\/media\/21422"}],"wp:attachment":[{"href":"https:\/\/www.plurinominal.com.mx\/index.php?rest_route=%2Fwp%2Fv2%2Fmedia&parent=21421"}],"wp:term":[{"taxonomy":"category","embeddable":true,"href":"https:\/\/www.plurinominal.com.mx\/index.php?rest_route=%2Fwp%2Fv2%2Fcategories&post=21421"},{"taxonomy":"post_tag","embeddable":true,"href":"https:\/\/www.plurinominal.com.mx\/index.php?rest_route=%2Fwp%2Fv2%2Ftags&post=21421"}],"curies":[{"name":"wp","href":"https:\/\/api.w.org\/{rel}","templated":true}]}}