{"id":21437,"date":"2025-06-13T08:39:33","date_gmt":"2025-06-13T14:39:33","guid":{"rendered":"https:\/\/www.plurinominal.com.mx\/?p=21437"},"modified":"2025-06-13T08:39:33","modified_gmt":"2025-06-13T14:39:33","slug":"grupo-bryndis-celebrara-45-anos-con-concierto-historico","status":"publish","type":"post","link":"https:\/\/www.plurinominal.com.mx\/?p=21437","title":{"rendered":"Grupo Bryndis celebrar\u00e1 45 a\u00f1os con concierto hist\u00f3rico"},"content":{"rendered":"<ul>\n<li style=\"text-align: justify;\">La agrupaci\u00f3n se presentar\u00e1 por primera vez en Arena CDMX el 31 de enero<\/li>\n<\/ul>\n<p style=\"text-align: justify;\" align=\"left\"><span style=\"font-size: 10pt; font-family: 'trebuchet ms', geneva, sans-serif;\"><strong>PLURINOMINAL.-<\/strong><\/span> La legendaria agrupaci\u00f3n Grupo Bryndis anunci\u00f3 oficialmente la celebraci\u00f3n de su 45 aniversario art\u00edstico con un concierto especial programado para el 31 de enero de 2026 en la Arena Ciudad de M\u00e9xico, marcando la primera ocasi\u00f3n en que la banda originaria de Cerritos se presenta en este emblem\u00e1tico recinto capitalino.<\/p>\n<p style=\"text-align: justify;\" align=\"left\">La promoci\u00f3n del evento ya circula en diversos medios digitales e impresos, destacando la participaci\u00f3n de artistas invitados que acompa\u00f1ar\u00e1n a la agrupaci\u00f3n en esta fecha conmemorativa. El material publicitario incluye la frase \u00abnunca ser\u00e1 lo mismo verlo que vivirlo\u00bb, sugiriendo una experiencia \u00fanica para los seguidores de la banda que ha mantenido vigencia durante m\u00e1s de cuatro d\u00e9cadas en el panorama musical mexicano.<\/p>\n<p style=\"text-align: justify;\" align=\"left\">Entre los integrantes que aparecen en la imagen promocional se encuentra Mauro Posadas Gallardo, guitarrista, compositor y uno de los miembros fundadores de la agrupaci\u00f3n. Posadas, nacido en Cerritos, se ha consolidado como la figura m\u00e1s representativa del grupo, tanto por su carisma esc\u00e9nico como por su papel protag\u00f3nico en entrevistas y declaraciones p\u00fablicas que han posicionado a la banda en los medios de comunicaci\u00f3n.<\/p>\n<p style=\"text-align: justify;\" align=\"left\">El m\u00fasico cerritense ha sido responsable de la composici\u00f3n de los temas m\u00e1s exitosos del repertorio de Grupo Bryndis, creaciones que contin\u00faan siendo interpretadas por agrupaciones imitadoras en todo el continente americano. Su trabajo como guitarrista y compositor ha definido el sonido caracter\u00edstico que distingue a la banda de otras propuestas musicales.<\/p>\n<p style=\"text-align: justify;\" align=\"left\">La agrupaci\u00f3n se form\u00f3 definitivamente en 1983 en la ciudad de Santa Paula, California, despu\u00e9s de algunos intentos previos de consolidaci\u00f3n. Los integrantes de Cerritos y Villa Ju\u00e1rez, decidieron establecerse en territorio estadounidense donde brindaron por su uni\u00f3n musical, origen del nombre que adoptar\u00eda la banda para su trayectoria profesional.<\/p>\n<p style=\"text-align: justify;\" align=\"left\">Grupo Bryndis ha alcanzado reconocimiento como una de las agrupaciones mexicanas m\u00e1s exitosas tanto en M\u00e9xico como en Estados Unidos y Am\u00e9rica Latina. Su propuesta musical, que combina cumbias y baladas con un estilo \u00fanico e inigualable, les ha permitido mantener una carrera s\u00f3lida y ascendente hasta la actualidad.<\/p>\n<p style=\"text-align: justify;\" align=\"left\">La caracter\u00edstica distintiva de la agrupaci\u00f3n radica en la interpretaci\u00f3n de temas dedicados al amor y las relaciones sentimentales. Las canciones grabadas por Grupo Bryndis surgen de vivencias personales de los integrantes o de experiencias de personas cercanas al grupo, lo que genera identificaci\u00f3n inmediata con el p\u00fablico que consume su m\u00fasica.<\/p>\n<p style=\"text-align: justify;\" align=\"left\">El repertorio del concierto incluir\u00e1 los cl\u00e1sicos m\u00e1s solicitados como \u00abTe juro que te amo\u00bb, \u00abC\u00f3mo olvidar\u00bb, \u00abSe march\u00f3\u00bb, \u00abReencuentro\u00bb, \u00abOlvidarte nunca\u00bb y \u00abLa \u00faltima canci\u00f3n\u00bb, todos convertidos en himnos intergeneracionales.<\/p>\n<p style=\"text-align: justify;\" align=\"left\">El evento tendr\u00e1 una duraci\u00f3n aproximada de dos horas, con apertura de puertas programada para las 19:00 horas. La organizaci\u00f3n establece que no se permite el ingreso con alimentos y bebidas, mientras que los menores a partir de dos a\u00f1os deber\u00e1n contar con boleto de acceso. Se autoriza el uso de c\u00e1maras fotogr\u00e1ficas y de video, excepto equipos de car\u00e1cter profesional.<\/p>\n","protected":false},"excerpt":{"rendered":"<p>La legendaria agrupaci\u00f3n Grupo Bryndis anunci\u00f3 oficialmente la celebraci\u00f3n de su 45 aniversario art\u00edstico con un concierto especial programado para el 31 de enero de 2026 en la Arena Ciudad de M\u00e9xico, marcando la primera ocasi\u00f3n en que la banda originaria de Cerritos se presenta en este emblem\u00e1tico recinto capitalino.<\/p>\n","protected":false},"author":5,"featured_media":21438,"comment_status":"closed","ping_status":"open","sticky":false,"template":"","format":"standard","meta":{"footnotes":""},"categories":[484,485],"tags":[],"class_list":["post-21437","post","type-post","status-publish","format-standard","has-post-thumbnail","hentry","category-espectaculos","category-sociales","entry","simple"],"_links":{"self":[{"href":"https:\/\/www.plurinominal.com.mx\/index.php?rest_route=\/wp\/v2\/posts\/21437","targetHints":{"allow":["GET"]}}],"collection":[{"href":"https:\/\/www.plurinominal.com.mx\/index.php?rest_route=\/wp\/v2\/posts"}],"about":[{"href":"https:\/\/www.plurinominal.com.mx\/index.php?rest_route=\/wp\/v2\/types\/post"}],"author":[{"embeddable":true,"href":"https:\/\/www.plurinominal.com.mx\/index.php?rest_route=\/wp\/v2\/users\/5"}],"replies":[{"embeddable":true,"href":"https:\/\/www.plurinominal.com.mx\/index.php?rest_route=%2Fwp%2Fv2%2Fcomments&post=21437"}],"version-history":[{"count":1,"href":"https:\/\/www.plurinominal.com.mx\/index.php?rest_route=\/wp\/v2\/posts\/21437\/revisions"}],"predecessor-version":[{"id":21439,"href":"https:\/\/www.plurinominal.com.mx\/index.php?rest_route=\/wp\/v2\/posts\/21437\/revisions\/21439"}],"wp:featuredmedia":[{"embeddable":true,"href":"https:\/\/www.plurinominal.com.mx\/index.php?rest_route=\/wp\/v2\/media\/21438"}],"wp:attachment":[{"href":"https:\/\/www.plurinominal.com.mx\/index.php?rest_route=%2Fwp%2Fv2%2Fmedia&parent=21437"}],"wp:term":[{"taxonomy":"category","embeddable":true,"href":"https:\/\/www.plurinominal.com.mx\/index.php?rest_route=%2Fwp%2Fv2%2Fcategories&post=21437"},{"taxonomy":"post_tag","embeddable":true,"href":"https:\/\/www.plurinominal.com.mx\/index.php?rest_route=%2Fwp%2Fv2%2Ftags&post=21437"}],"curies":[{"name":"wp","href":"https:\/\/api.w.org\/{rel}","templated":true}]}}