{"id":21440,"date":"2025-06-04T08:45:48","date_gmt":"2025-06-04T14:45:48","guid":{"rendered":"https:\/\/www.plurinominal.com.mx\/?p=21440"},"modified":"2025-06-13T08:52:02","modified_gmt":"2025-06-13T14:52:02","slug":"conflicto-en-redes-sociales-por-difusion-de-emergencia-ciudadana","status":"publish","type":"post","link":"https:\/\/www.plurinominal.com.mx\/?p=21440","title":{"rendered":"Conflicto en redes sociales por difusi\u00f3n de emergencia ciudadana"},"content":{"rendered":"<ul>\n<li style=\"text-align: justify;\">Excandidata expulsa seguidores tras publicaci\u00f3n de alerta por fuga de gas<\/li>\n<\/ul>\n<p style=\"text-align: justify;\" align=\"left\"><span style=\"font-family: 'trebuchet ms', geneva, sans-serif; font-size: 10pt;\"><strong>REDACCI\u00d3N.-<\/strong><\/span> Una solicitud de auxilio ciudadano por una emergencia relacionada con una fuga de gas se convirti\u00f3 en el detonante de un conflicto en redes sociales que evidenci\u00f3 las tensiones existentes entre diferentes grupos de comunicaci\u00f3n digital en Cerritos, generando expulsiones masivas y confrontaciones entre administradores de plataformas informativas.<\/p>\n<p style=\"text-align: justify;\" align=\"left\">El incidente se origin\u00f3 cuando una persona envi\u00f3 un mensaje de emergencia a Plurinominal, solicitando que se hiciera p\u00fablica una alerta sobre una fuga de gas provocada por los da\u00f1os ocasionados durante las recientes lluvias. \u00abVecinos, buenas tardes, disculpen, es que se me cay\u00f3 mi palapa y el cilindro de gas se rompi\u00f3 y est\u00e1 tirando todo el gas, para que no vayan a prender nada por favor\u00bb, expresaba el mensaje enviado por un usuario alterado.<\/p>\n<p style=\"text-align: justify;\" align=\"left\">El medio, que cuenta con una red de m\u00e1s de 35 mil seguidores, procedi\u00f3 a publicar inmediatamente la alerta como parte de su labor de servicio social y comunicaci\u00f3n comunitaria. La difusi\u00f3n del mensaje alcanz\u00f3 r\u00e1pidamente car\u00e1cter viral debido a la naturaleza de la emergencia y la preocupaci\u00f3n por la seguridad de los habitantes de la zona afectada.<\/p>\n<p style=\"text-align: justify;\" align=\"left\">Sin embargo, la publicaci\u00f3n gener\u00f3 una reacci\u00f3n adversa por parte de Alejandra G\u00e1mez, quien administra un grupo de WhatsApp llamado \u201cAlerta Ciudadana\u201d, donde se comparte informaci\u00f3n local bajo estrictas pol\u00edticas de confidencialidad. G\u00e1mez, identificada como excandidata y figura controversial en el \u00e1mbito pol\u00edtico municipal, expres\u00f3 su molestia por la difusi\u00f3n del mensaje, considerando que violaba las reglas de privacidad establecidas en su grupo de comunicaci\u00f3n.<\/p>\n<p style=\"text-align: justify;\" align=\"left\">La pol\u00edtica de confidencialidad implementada por G\u00e1mez en su grupo establece que ninguna informaci\u00f3n compartida debe ser filtrada a medios de comunicaci\u00f3n o plataformas p\u00fablicas. Como consecuencia de esta normativa, las personas sospechosas de compartir informaci\u00f3n con medios externos son expulsadas del grupo de manera sumaria, sin posibilidad de apelaci\u00f3n o explicaci\u00f3n.<\/p>\n<p style=\"text-align: justify;\" align=\"left\">Esta pr\u00e1ctica no constituye un caso aislado, ya que diversos seguidores y colaboradores de Plurinominal han sido expulsados anteriormente del grupo administrado por G\u00e1mez bajo la misma justificaci\u00f3n. La excandidata ha mantenido una pol\u00edtica restrictiva respecto a la circulaci\u00f3n de informaci\u00f3n, generando tensiones recurrentes con miembros del grupo que consideran excesivas estas medidas de control.<\/p>\n<p style=\"text-align: justify;\" align=\"left\">Durante muchos a\u00f1os, Plurinominal mantuvo una relaci\u00f3n tolerante con G\u00e1mez, permitiendo que la excandidata tuviera acceso a toda la informaci\u00f3n digital del medio. Esta situaci\u00f3n le proporcionaba ventajas informativas locales, que aprovechaba para nutrir sus aspiraciones pol\u00edticas, benefici\u00e1ndose de la labor period\u00edstica realizada por otros, pero eso jam\u00e1s lo tom\u00f3 en cuenta.<\/p>\n<p style=\"text-align: justify;\" align=\"left\">El conflicto actual escal\u00f3 cuando G\u00e1mez intensific\u00f3 su resentimiento hacia Plurinominal por la publicaci\u00f3n de la emergencia ciudadana, generando una confrontaci\u00f3n que culmin\u00f3 con la expulsi\u00f3n de la excandidata de las p\u00e1ginas oficiales del medio digital e impreso. Esta decisi\u00f3n se adopt\u00f3 despu\u00e9s de evaluar el patr\u00f3n de comportamiento autoritario.<\/p>\n<p style=\"text-align: justify;\" align=\"left\">Un ciudadano que fue expulsado recientemente del grupo administrado por G\u00e1mez expres\u00f3 su opini\u00f3n sobre el car\u00e1cter de la excandidata pol\u00edtica. \u00abImag\u00ednate si hubiera ganado, qu\u00e9 nos esperar\u00eda con una mujer as\u00ed de autoritaria, pol\u00e9mica, resentida\u00bb, declar\u00f3 el afectado, refiri\u00e9ndose a las caracter\u00edsticas de liderazgo demostradas por G\u00e1mez en el manejo de su grupo de comunicaci\u00f3n.<\/p>\n","protected":false},"excerpt":{"rendered":"<p>Una solicitud ciudadana de emergencia por fuga de gas se convirti\u00f3 en motivo de controversia cuando la excandidata Alejandra G\u00e1mez critic\u00f3 su difusi\u00f3n p\u00fablica, generando un conflicto en redes sociales que culmin\u00f3 con expulsiones rec\u00edprocas entre diferentes grupos de comunicaci\u00f3n digital de Cerritos. ILUSTRATIVA.<\/p>\n","protected":false},"author":5,"featured_media":21442,"comment_status":"closed","ping_status":"open","sticky":false,"template":"","format":"standard","meta":{"footnotes":""},"categories":[3,485],"tags":[],"class_list":["post-21440","post","type-post","status-publish","format-standard","has-post-thumbnail","hentry","category-cerritos","category-sociales","entry","simple"],"_links":{"self":[{"href":"https:\/\/www.plurinominal.com.mx\/index.php?rest_route=\/wp\/v2\/posts\/21440","targetHints":{"allow":["GET"]}}],"collection":[{"href":"https:\/\/www.plurinominal.com.mx\/index.php?rest_route=\/wp\/v2\/posts"}],"about":[{"href":"https:\/\/www.plurinominal.com.mx\/index.php?rest_route=\/wp\/v2\/types\/post"}],"author":[{"embeddable":true,"href":"https:\/\/www.plurinominal.com.mx\/index.php?rest_route=\/wp\/v2\/users\/5"}],"replies":[{"embeddable":true,"href":"https:\/\/www.plurinominal.com.mx\/index.php?rest_route=%2Fwp%2Fv2%2Fcomments&post=21440"}],"version-history":[{"count":1,"href":"https:\/\/www.plurinominal.com.mx\/index.php?rest_route=\/wp\/v2\/posts\/21440\/revisions"}],"predecessor-version":[{"id":21443,"href":"https:\/\/www.plurinominal.com.mx\/index.php?rest_route=\/wp\/v2\/posts\/21440\/revisions\/21443"}],"wp:featuredmedia":[{"embeddable":true,"href":"https:\/\/www.plurinominal.com.mx\/index.php?rest_route=\/wp\/v2\/media\/21442"}],"wp:attachment":[{"href":"https:\/\/www.plurinominal.com.mx\/index.php?rest_route=%2Fwp%2Fv2%2Fmedia&parent=21440"}],"wp:term":[{"taxonomy":"category","embeddable":true,"href":"https:\/\/www.plurinominal.com.mx\/index.php?rest_route=%2Fwp%2Fv2%2Fcategories&post=21440"},{"taxonomy":"post_tag","embeddable":true,"href":"https:\/\/www.plurinominal.com.mx\/index.php?rest_route=%2Fwp%2Fv2%2Ftags&post=21440"}],"curies":[{"name":"wp","href":"https:\/\/api.w.org\/{rel}","templated":true}]}}