{"id":21450,"date":"2025-06-06T09:54:19","date_gmt":"2025-06-06T15:54:19","guid":{"rendered":"https:\/\/www.plurinominal.com.mx\/?p=21450"},"modified":"2025-06-14T09:58:00","modified_gmt":"2025-06-14T15:58:00","slug":"adrian-zamarripa-invita-a-cerritenses-a-su-nuevo-video","status":"publish","type":"post","link":"https:\/\/www.plurinominal.com.mx\/?p=21450","title":{"rendered":"Adri\u00e1n Zamarripa invita a cerritenses a su nuevo video"},"content":{"rendered":"<ul>\n<li style=\"text-align: justify;\">Vocalista de Energ\u00eda Norte\u00f1a busca locaciones en su tierra natal<\/li>\n<\/ul>\n<p style=\"text-align: justify;\" align=\"left\"><span style=\"font-size: 10pt; font-family: 'trebuchet ms', geneva, sans-serif;\"><strong>PLURINOMINAL.-<\/strong><\/span> Adri\u00e1n Zamarripa, reconocido vocalista de proyectos como Energ\u00eda Norte\u00f1a y su faceta como solista con la banda Joya de Luna, lanz\u00f3 un llamado a los habitantes de Cerritos para sumarse a su pr\u00f3ximo video musical. En un mensaje reciente, el artista, con ra\u00edces en esta localidad y conocido por su trayectoria exitosa, dijo a a sus seguidores: \u201cRep\u00f3rtense paisanos de Cerritos, \u00bfen qu\u00e9 lugar me falta hacer un video?\u201d. Esta invitaci\u00f3n ha generado entusiasmo entre sus fans, quienes destacan su conexi\u00f3n con la regi\u00f3n.<\/p>\n<p style=\"text-align: justify;\" align=\"left\">Hace unos d\u00edas, Zamarripa comparti\u00f3 un fragmento de un video grabado junto a las letras monumentales de Cerritos, un s\u00edmbolo ic\u00f3nico del municipio. La publicaci\u00f3n, acompa\u00f1ada de su interpretaci\u00f3n musical, desat\u00f3 una ola de reacciones positivas en redes sociales, con seguidores dese\u00e1ndole el mayor de los \u00e9xitos. El artista, que ha sido nominado al Grammy en el pasado con Energ\u00eda Norte\u00f1a, mantiene un v\u00ednculo estrecho con sus ra\u00edces, especialmente con Joya de Luna, donde comenz\u00f3 su historia, aunque su carrera despeg\u00f3 en Texas, donde el grupo consolid\u00f3 su aventura musical.<\/p>\n<p style=\"text-align: justify;\" align=\"left\">Con millones de reproducciones en plataformas como YouTube y Facebook, Zamarripa se consolida como uno de los cantantes m\u00e1s destacados de la escena regional mexicana. Su propuesta combina la energ\u00eda de la m\u00fasica norte\u00f1a con elementos innovadores, lo que le ha valido un lugar privilegiado entre el p\u00fablico. Los cerritenses han respondido con orgullo a su llamado, sugiriendo locaciones que podr\u00edan enriquecer su pr\u00f3ximo proyecto, como plazas, templos y paisajes rurales que reflejan la identidad del municipio.<\/p>\n<p style=\"text-align: justify;\" align=\"left\">El anuncio llega en un momento de auge para el vocalista, quien sigue expandiendo su legado musical. Aunque no especific\u00f3 fechas ni detalles del rodaje, la expectativa crece entre sus seguidores, quienes esperan que este video rinda homenaje a Cerritos y fortalezca el v\u00ednculo del artista con su tierra. Zamarripa fue invitado sorpresa durante la presentaci\u00f3n de la FERECE 2025, donde se dijo que el grupo estar\u00eda presente.<\/p>\n","protected":false},"excerpt":{"rendered":"<p>Adri\u00e1n Zamarripa, vocalista, grab\u00f3 un fragmento de su nuevo video junto a las letras monumentales de Cerritos, invitando a sus paisanos a sugerir locaciones para su pr\u00f3ximo proyecto musical.<\/p>\n","protected":false},"author":5,"featured_media":21451,"comment_status":"closed","ping_status":"open","sticky":false,"template":"","format":"standard","meta":{"footnotes":""},"categories":[3,484,485],"tags":[],"class_list":["post-21450","post","type-post","status-publish","format-standard","has-post-thumbnail","hentry","category-cerritos","category-espectaculos","category-sociales","entry","simple"],"_links":{"self":[{"href":"https:\/\/www.plurinominal.com.mx\/index.php?rest_route=\/wp\/v2\/posts\/21450","targetHints":{"allow":["GET"]}}],"collection":[{"href":"https:\/\/www.plurinominal.com.mx\/index.php?rest_route=\/wp\/v2\/posts"}],"about":[{"href":"https:\/\/www.plurinominal.com.mx\/index.php?rest_route=\/wp\/v2\/types\/post"}],"author":[{"embeddable":true,"href":"https:\/\/www.plurinominal.com.mx\/index.php?rest_route=\/wp\/v2\/users\/5"}],"replies":[{"embeddable":true,"href":"https:\/\/www.plurinominal.com.mx\/index.php?rest_route=%2Fwp%2Fv2%2Fcomments&post=21450"}],"version-history":[{"count":1,"href":"https:\/\/www.plurinominal.com.mx\/index.php?rest_route=\/wp\/v2\/posts\/21450\/revisions"}],"predecessor-version":[{"id":21452,"href":"https:\/\/www.plurinominal.com.mx\/index.php?rest_route=\/wp\/v2\/posts\/21450\/revisions\/21452"}],"wp:featuredmedia":[{"embeddable":true,"href":"https:\/\/www.plurinominal.com.mx\/index.php?rest_route=\/wp\/v2\/media\/21451"}],"wp:attachment":[{"href":"https:\/\/www.plurinominal.com.mx\/index.php?rest_route=%2Fwp%2Fv2%2Fmedia&parent=21450"}],"wp:term":[{"taxonomy":"category","embeddable":true,"href":"https:\/\/www.plurinominal.com.mx\/index.php?rest_route=%2Fwp%2Fv2%2Fcategories&post=21450"},{"taxonomy":"post_tag","embeddable":true,"href":"https:\/\/www.plurinominal.com.mx\/index.php?rest_route=%2Fwp%2Fv2%2Ftags&post=21450"}],"curies":[{"name":"wp","href":"https:\/\/api.w.org\/{rel}","templated":true}]}}