{"id":21494,"date":"2025-06-18T19:21:10","date_gmt":"2025-06-19T01:21:10","guid":{"rendered":"https:\/\/www.plurinominal.com.mx\/?p=21494"},"modified":"2025-06-26T19:23:17","modified_gmt":"2025-06-27T01:23:17","slug":"21494","status":"publish","type":"post","link":"https:\/\/www.plurinominal.com.mx\/?p=21494","title":{"rendered":"Cerritos desmiente dato sobre el origen de Manuel Jos\u00e9 Oth\u00f3n"},"content":{"rendered":"<ul>\n<li style=\"text-align: justify;\">El poeta potosino no naci\u00f3 en el municipio, pero marc\u00f3 su historia<\/li>\n<\/ul>\n<p style=\"text-align: justify;\" align=\"left\"><span style=\"font-size: 10pt; font-family: 'trebuchet ms', geneva, sans-serif;\"><strong>MARCO SERNA.-<\/strong><\/span> Un mensaje publicado el 14 de junio de 2025 en la red social X por el usuario Jorge Armend\u00e1riz (@Potosinos_slp) afirm\u00f3 que el poeta, dramaturgo y pol\u00edtico mexicano Manuel Jos\u00e9 Oth\u00f3n naci\u00f3 en Cerritos, San Luis Potos\u00ed, en 1858. La informaci\u00f3n, que cita el poema \u201cIdilio Salvaje\u201d como una obra importante, se basa en datos que circulan en Wikipedia, pero en Cerritos se reconoce como err\u00f3nea. Seg\u00fan la comunidad y expertos locales, Oth\u00f3n es originario de la ciudad de San Luis Potos\u00ed, no del municipio de la zona media.<\/p>\n<p style=\"text-align: justify;\" align=\"left\">La confusi\u00f3n sobre el lugar de nacimiento de Oth\u00f3n ha sido aclarada por el licenciado Jos\u00e9 Alfredo Villegas Galv\u00e1n, quien precis\u00f3 que el autor de \u201cIdilio Salvaje\u201d naci\u00f3 en la capital potosina. Sin embargo, su v\u00ednculo con Cerritos es innegable, ya que residi\u00f3 en el municipio en tres etapas distintas de su vida, desempe\u00f1\u00e1ndose como Juez de Primera Instancia del distrito judicial. Durante su estancia, Oth\u00f3n dej\u00f3 una huella cultural significativa, al punto que la Secundaria Federal N\u00famero 10, conocida localmente como \u201cLa secundaria 10\u201d, lleva su nombre.<\/p>\n<p style=\"text-align: justify;\" align=\"left\">Villegas Galv\u00e1n, en su libro \u201cCerritos en mi recuerdo\u201d, detalla que Oth\u00f3n interactu\u00f3 con figuras locales como Rafael Nieto. Estas conexiones reflejan la influencia del poeta en la vida social y cultural del municipio, a pesar de no ser su lugar de origen. Su paso por Cerritos inspir\u00f3 parte de su obra, que combina la sensibilidad literaria con la riqueza natural de la regi\u00f3n. Este malentendido subraya la importancia de verificar la informaci\u00f3n que circula en internet.<\/p>\n","protected":false},"excerpt":{"rendered":"<p>Arriba, una foto de Oth\u00f3n. La Secundaria Federal N\u00famero 10 en Cerritos, nombrada en honor a Manuel Jos\u00e9 Oth\u00f3n, recuerda el legado del poeta que vivi\u00f3 en el municipio, aunque no naci\u00f3 aqu\u00ed.<\/p>\n","protected":false},"author":5,"featured_media":21495,"comment_status":"closed","ping_status":"open","sticky":false,"template":"","format":"standard","meta":{"footnotes":""},"categories":[3,483,485],"tags":[],"class_list":["post-21494","post","type-post","status-publish","format-standard","has-post-thumbnail","hentry","category-cerritos","category-cultura","category-sociales","entry","simple"],"_links":{"self":[{"href":"https:\/\/www.plurinominal.com.mx\/index.php?rest_route=\/wp\/v2\/posts\/21494","targetHints":{"allow":["GET"]}}],"collection":[{"href":"https:\/\/www.plurinominal.com.mx\/index.php?rest_route=\/wp\/v2\/posts"}],"about":[{"href":"https:\/\/www.plurinominal.com.mx\/index.php?rest_route=\/wp\/v2\/types\/post"}],"author":[{"embeddable":true,"href":"https:\/\/www.plurinominal.com.mx\/index.php?rest_route=\/wp\/v2\/users\/5"}],"replies":[{"embeddable":true,"href":"https:\/\/www.plurinominal.com.mx\/index.php?rest_route=%2Fwp%2Fv2%2Fcomments&post=21494"}],"version-history":[{"count":2,"href":"https:\/\/www.plurinominal.com.mx\/index.php?rest_route=\/wp\/v2\/posts\/21494\/revisions"}],"predecessor-version":[{"id":21497,"href":"https:\/\/www.plurinominal.com.mx\/index.php?rest_route=\/wp\/v2\/posts\/21494\/revisions\/21497"}],"wp:featuredmedia":[{"embeddable":true,"href":"https:\/\/www.plurinominal.com.mx\/index.php?rest_route=\/wp\/v2\/media\/21495"}],"wp:attachment":[{"href":"https:\/\/www.plurinominal.com.mx\/index.php?rest_route=%2Fwp%2Fv2%2Fmedia&parent=21494"}],"wp:term":[{"taxonomy":"category","embeddable":true,"href":"https:\/\/www.plurinominal.com.mx\/index.php?rest_route=%2Fwp%2Fv2%2Fcategories&post=21494"},{"taxonomy":"post_tag","embeddable":true,"href":"https:\/\/www.plurinominal.com.mx\/index.php?rest_route=%2Fwp%2Fv2%2Ftags&post=21494"}],"curies":[{"name":"wp","href":"https:\/\/api.w.org\/{rel}","templated":true}]}}