{"id":21504,"date":"2025-06-30T21:46:14","date_gmt":"2025-07-01T03:46:14","guid":{"rendered":"https:\/\/www.plurinominal.com.mx\/?p=21504"},"modified":"2025-06-30T22:11:28","modified_gmt":"2025-07-01T04:11:28","slug":"festejos-de-graduacion-de-la-generacion-1970-1972","status":"publish","type":"post","link":"https:\/\/www.plurinominal.com.mx\/?p=21504","title":{"rendered":"Festejos de Graduaci\u00f3n de la Primera Generaci\u00f3n de Bachilleres 1970-1972"},"content":{"rendered":"<p class=\"p1\" style=\"text-align: justify;\"><b>Nota Hist\u00f3rica: Festejos de Graduaci\u00f3n de la Generaci\u00f3n 1970-1972<\/b><\/p>\n<figure id=\"attachment_21505\" aria-describedby=\"caption-attachment-21505\" style=\"width: 150px\" class=\"wp-caption alignright\"><a href=\"https:\/\/www.plurinominal.com.mx\/wp-content\/uploads\/Captura-de-pantalla-2025-06-30-a-las-9.43.25\u202fp.m.-de-tamano-grande.jpeg\"><img loading=\"lazy\" decoding=\"async\" class=\"wp-image-21505 size-thumbnail\" src=\"https:\/\/www.plurinominal.com.mx\/wp-content\/uploads\/Captura-de-pantalla-2025-06-30-a-las-9.43.25\u202fp.m.-de-tamano-grande-150x150.jpeg\" alt=\"\" width=\"150\" height=\"150\" \/><\/a><figcaption id=\"caption-attachment-21505\" class=\"wp-caption-text\">La Invitaci\u00f3n, cortes\u00eda de Alfredo Villegas Galv\u00e1n.<\/figcaption><\/figure>\n<p class=\"p1\" style=\"text-align: justify;\"><span style=\"font-family: 'trebuchet ms', geneva, sans-serif;\"><strong><span style=\"font-size: 10pt;\">PLURINOMINAL.-<\/span> <\/strong><\/span>En marzo de 1973, la Escuela Preparatoria llev\u00f3 a cabo una serie de actividades para conmemorar la graduaci\u00f3n de la generaci\u00f3n de bachilleres correspondiente al per\u00edodo 1970-1972. Este evento, titulado \u201cFestejos de Graduaci\u00f3n de Bachilleres,\u201d fue organizado con la participaci\u00f3n de autoridades educativas y municipales, as\u00ed como de los propios exalumnos, quienes invitaron a sus familias a ser parte de las celebraciones. La programaci\u00f3n incluy\u00f3 una cena, un festival literario-musical, la entrega de t\u00edtulos y un baile de gala, reflejando una mezcla de ceremonias formales y momentos de esparcimiento.<\/p>\n<p class=\"p1\" style=\"text-align: justify;\">Los invitados de honor fueron figuras destacadas, incluyendo al Lic. Antonio Rocha Cordero, Gobernador Constitucional del Estado; el Lic. Roberto Leyva Torres, Rector de la U.A.S.L.P.; el Lic. Filiberto Narv\u00e1ez G\u00e1mez, Director de la Escuela Preparatoria; y el Prof. Salvador Nieto Ch\u00e1vez, Presidente Municipal. Su presencia subraya la importancia de este evento dentro del contexto educativo y social de la \u00e9poca.<\/p>\n<p class=\"p1\" style=\"text-align: justify;\">La programaci\u00f3n se desarroll\u00f3 en dos d\u00edas principales:<\/p>\n<ul class=\"ul1\" style=\"text-align: justify;\">\n<li class=\"li1\"><b>Viernes 9 de marzo<\/b>: A las 20:00 horas se llev\u00f3 a cabo una cena en la Caba\u00f1a de la Granja Yako, marcando el inicio de los festejos.<\/li>\n<li class=\"li1\"><b>S\u00e1bado 10 de marzo<\/b>: El d\u00eda comenz\u00f3 a las 20:00 horas con un Cine Reforma que incluy\u00f3 un Festival Literario-Musical y la entrega de t\u00edtulos. Posteriormente, a las 22:00 horas, se realiz\u00f3 un Baile de Gala en la Granja Yako, cerrando las celebraciones con un evento social.<\/li>\n<\/ul>\n<p class=\"p1\" style=\"text-align: justify;\">La generaci\u00f3n de bachilleres 1970-1972 se dividi\u00f3 en dos \u00e1reas de estudio: Humanidades y Ciencias. Los nombres de los graduados son los siguientes:<\/p>\n<div class=\"x14z9mp xat24cr x1lziwak x1vvkbs xtlvy1s x126k92a\"><\/div>\n<div class=\"x14z9mp xat24cr x1lziwak x1vvkbs xtlvy1s x126k92a\">\n<div dir=\"auto\">\n<p><strong>Humanidades<\/strong><\/p>\n<p>* Castillo Guzm\u00e1n Alfredo<br \/>\n* D\u00e1valos Uresti Jos\u00e9 Luis<br \/>\n* Guerrero Guzm\u00e1n Rodolfo<br \/>\n* Guerrero Ord\u00f3\u00f1ez Horacio<br \/>\n* Mojica Reyes Evaristo<br \/>\n* P\u00e9rez Moreno Rafaela<br \/>\n* Rodr\u00edguez Rodr\u00edguez Ricardo<br \/>\n* Serna Mart\u00ednez Mateo<br \/>\n* Villegas Galv\u00e1n Alfredo<\/p>\n<p><strong>Ciencias<\/strong><\/p>\n<p>* Alvarado Medina Arturo<br \/>\n* Banda Duarte Isidro<br \/>\n* Banda Duarte Osvaldo<br \/>\n* Banda Perales Teresa<br \/>\n* Cabrera C\u00e1ndido Rosa Mar\u00eda<br \/>\n* Castillo Castillo Ma. del Carmen<br \/>\n* Castillo Guzm\u00e1n Ma. del Rosario<br \/>\n* Ceballos Vera J. Armando<br \/>\n* Escobar Nava Lorenza<br \/>\n* Escobar Nava Guadalupe<br \/>\n* Guerrero S\u00e1nchez Alberto<br \/>\n* Izaguirre Cabrera Ver\u00f3nica<br \/>\n* Izaguirre Gonz\u00e1lez Hortencia<br \/>\n* Mart\u00ednez Mart\u00ednez Ma. del Socorro<br \/>\n* Manzano Turrubiartes Antonio<br \/>\n* Mart\u00ednez Ponce Miguel<br \/>\n* Mart\u00ednez Sifuentes Salvador<br \/>\n* Mart\u00ednez Sifuentes Juan Manuel<br \/>\n* Requena Arias Gerardo Antonio<br \/>\n* Requena Arias Roberto<br \/>\n* Sigala Rodr\u00edguez Emilia<br \/>\n* Uresti Cruz Ma. de Jes\u00fas Elisea<br \/>\n* Uresti Jasso Alejandrino<br \/>\n* Vega Garc\u00eda Alicia<br \/>\n* Villegas Galv\u00e1n Eduardo<\/p>\n<\/div>\n<\/div>\n<p class=\"p1\" style=\"text-align: justify;\">El documento, compartido con Plurinominal por el Lic. Alfredo Villegas Galv\u00e1n, uno de los graduados, conserva un testimonio hist\u00f3rico de esta generaci\u00f3n.<\/p>\n","protected":false},"excerpt":{"rendered":"<p>Los invitados de honor fueron figuras destacadas, incluyendo al Lic. Antonio Rocha Cordero, Gobernador Constitucional del Estado; el Lic. Roberto Leyva Torres, Rector de la U.A.S.L.P.; el Lic. Filiberto Narv\u00e1ez G\u00e1mez, Director de la Escuela Preparatoria; y el Prof. Salvador Nieto Ch\u00e1vez, Presidente Municipal. Su presencia subraya la importancia de este evento dentro del contexto educativo y social de la \u00e9poca.<\/p>\n","protected":false},"author":5,"featured_media":21507,"comment_status":"closed","ping_status":"open","sticky":false,"template":"","format":"standard","meta":{"footnotes":""},"categories":[3],"tags":[],"class_list":["post-21504","post","type-post","status-publish","format-standard","has-post-thumbnail","hentry","category-cerritos","entry","simple"],"_links":{"self":[{"href":"https:\/\/www.plurinominal.com.mx\/index.php?rest_route=\/wp\/v2\/posts\/21504","targetHints":{"allow":["GET"]}}],"collection":[{"href":"https:\/\/www.plurinominal.com.mx\/index.php?rest_route=\/wp\/v2\/posts"}],"about":[{"href":"https:\/\/www.plurinominal.com.mx\/index.php?rest_route=\/wp\/v2\/types\/post"}],"author":[{"embeddable":true,"href":"https:\/\/www.plurinominal.com.mx\/index.php?rest_route=\/wp\/v2\/users\/5"}],"replies":[{"embeddable":true,"href":"https:\/\/www.plurinominal.com.mx\/index.php?rest_route=%2Fwp%2Fv2%2Fcomments&post=21504"}],"version-history":[{"count":5,"href":"https:\/\/www.plurinominal.com.mx\/index.php?rest_route=\/wp\/v2\/posts\/21504\/revisions"}],"predecessor-version":[{"id":21511,"href":"https:\/\/www.plurinominal.com.mx\/index.php?rest_route=\/wp\/v2\/posts\/21504\/revisions\/21511"}],"wp:featuredmedia":[{"embeddable":true,"href":"https:\/\/www.plurinominal.com.mx\/index.php?rest_route=\/wp\/v2\/media\/21507"}],"wp:attachment":[{"href":"https:\/\/www.plurinominal.com.mx\/index.php?rest_route=%2Fwp%2Fv2%2Fmedia&parent=21504"}],"wp:term":[{"taxonomy":"category","embeddable":true,"href":"https:\/\/www.plurinominal.com.mx\/index.php?rest_route=%2Fwp%2Fv2%2Fcategories&post=21504"},{"taxonomy":"post_tag","embeddable":true,"href":"https:\/\/www.plurinominal.com.mx\/index.php?rest_route=%2Fwp%2Fv2%2Ftags&post=21504"}],"curies":[{"name":"wp","href":"https:\/\/api.w.org\/{rel}","templated":true}]}}