{"id":2151,"date":"2012-03-29T17:01:20","date_gmt":"2012-03-29T23:01:20","guid":{"rendered":"http:\/\/www.plurinominal.com.mx\/?p=2151"},"modified":"2012-03-29T17:01:20","modified_gmt":"2012-03-29T23:01:20","slug":"amigos-y-familiares-despidieron-al-profesor-victor-guerrero-y-al-joven-carlos-alberto-reina","status":"publish","type":"post","link":"https:\/\/www.plurinominal.com.mx\/?p=2151","title":{"rendered":"Amigos y familiares despidieron al Profesor V\u00edctor Guerrero y al joven Carlos Alberto Reina"},"content":{"rendered":"<p><em>Rom\u00e1n G.-<\/em> Una multitud conformada por padres de familia, ex alumnos, compa\u00f1eros y familiares, dio el \u00faltimo adi\u00f3s al Profesor V\u00edctor Guerrero Flores as\u00ed como al joven Carlos Alberto Reina Torres. Este \u00faltimo muri\u00f3 v\u00edctima de un accidente.<br \/>\nCerca de las 5:00 PM del pasado lunes, primeramente personal docente de la escuela telesecundaria H\u00e9roes Potosinos, acompa\u00f1\u00f3 la carroza f\u00fanebre que trasladaba los restos del joven de 14 a\u00f1os Carlos Alberto Reina Torres quien falleci\u00f3 v\u00edctima de las lesiones ocasionadas por un auto fantasma.<br \/>\nComo muestra de solidaridad, la Banda de Guerra de la instituci\u00f3n le dio el recibimiento a la entrada del Pante\u00f3n Municipal acompa\u00f1\u00e1ndolo hasta su \u00faltima morada.<br \/>\nDe igual manera, amistades y familiares estuvieron acompa\u00f1ando a la carroza tras la celebraci\u00f3n de la misa de cuerpo presente, del querido y respetado \u201cProfesor V\u00edctor Guerrero Flores\u201d.<br \/>\nMaestros y distinguidas personalidades, acompa\u00f1aron al reci\u00e9n fallecido, fundador de la Escuela Secundaria Federal Manuel Jos\u00e9 Oth\u00f3n n\u00famero 10 as\u00ed como docentes de la misma.<br \/>\nEste personaje, por m\u00e1s de 5 d\u00e9cadas dej\u00f3 huella en la vida de millares de alumnos y compa\u00f1eros de trabajo.<br \/>\nDestac\u00f3 tambi\u00e9n en la pol\u00edtica, por eso se le rindieron distintos homenajes.<br \/>\nEn Cerritos, tambi\u00e9n la Biblioteca P\u00fablica lleva su nombre y esta semana se observ\u00f3 una muestra m\u00e1s de aprecio frente al sitio.<\/p>\n","protected":false},"excerpt":{"rendered":"<p>Rom\u00e1n G.- Una multitud conformada por padres de familia, ex alumnos, compa\u00f1eros y familiares, dio el \u00faltimo adi\u00f3s al Profesor V\u00edctor Guerrero Flores as\u00ed como al joven Carlos Alberto Reina&#8230;<\/p>\n","protected":false},"author":1,"featured_media":2154,"comment_status":"closed","ping_status":"open","sticky":false,"template":"","format":"standard","meta":{"footnotes":""},"categories":[3],"tags":[],"class_list":["post-2151","post","type-post","status-publish","format-standard","has-post-thumbnail","hentry","category-cerritos","entry","simple"],"_links":{"self":[{"href":"https:\/\/www.plurinominal.com.mx\/index.php?rest_route=\/wp\/v2\/posts\/2151","targetHints":{"allow":["GET"]}}],"collection":[{"href":"https:\/\/www.plurinominal.com.mx\/index.php?rest_route=\/wp\/v2\/posts"}],"about":[{"href":"https:\/\/www.plurinominal.com.mx\/index.php?rest_route=\/wp\/v2\/types\/post"}],"author":[{"embeddable":true,"href":"https:\/\/www.plurinominal.com.mx\/index.php?rest_route=\/wp\/v2\/users\/1"}],"replies":[{"embeddable":true,"href":"https:\/\/www.plurinominal.com.mx\/index.php?rest_route=%2Fwp%2Fv2%2Fcomments&post=2151"}],"version-history":[{"count":0,"href":"https:\/\/www.plurinominal.com.mx\/index.php?rest_route=\/wp\/v2\/posts\/2151\/revisions"}],"wp:featuredmedia":[{"embeddable":true,"href":"https:\/\/www.plurinominal.com.mx\/index.php?rest_route=\/wp\/v2\/media\/2154"}],"wp:attachment":[{"href":"https:\/\/www.plurinominal.com.mx\/index.php?rest_route=%2Fwp%2Fv2%2Fmedia&parent=2151"}],"wp:term":[{"taxonomy":"category","embeddable":true,"href":"https:\/\/www.plurinominal.com.mx\/index.php?rest_route=%2Fwp%2Fv2%2Fcategories&post=2151"},{"taxonomy":"post_tag","embeddable":true,"href":"https:\/\/www.plurinominal.com.mx\/index.php?rest_route=%2Fwp%2Fv2%2Ftags&post=2151"}],"curies":[{"name":"wp","href":"https:\/\/api.w.org\/{rel}","templated":true}]}}