{"id":21516,"date":"2025-07-02T09:46:41","date_gmt":"2025-07-02T15:46:41","guid":{"rendered":"https:\/\/www.plurinominal.com.mx\/?p=21516"},"modified":"2025-07-10T09:48:12","modified_gmt":"2025-07-10T15:48:12","slug":"controversia-durante-clausura-ferece-2025","status":"publish","type":"post","link":"https:\/\/www.plurinominal.com.mx\/?p=21516","title":{"rendered":"Controversia durante clausura FERECE 2025"},"content":{"rendered":"<ul>\n<li style=\"text-align: justify;\">Karla Lizeth decidi\u00f3 no acudir por supuestas irregularidades en la elecci\u00f3n de reina<\/li>\n<\/ul>\n<p style=\"text-align: justify;\" align=\"left\"><span style=\"font-size: 10pt; font-family: 'trebuchet ms', geneva, sans-serif;\"><strong>MARCO SERNA.-<\/strong> <\/span>La edici\u00f3n 2025 de la Feria Regional de Cerritos (FERECE) culmin\u00f3 en medio de una controversia denunciada por Karla Lizeth Villafuerte Ruiz, una de las aspirantes al t\u00edtulo de reina.<\/p>\n<p style=\"text-align: justify;\" align=\"left\">El pasado lunes 30 de junio, hizo p\u00fablica su decisi\u00f3n de no asistir a la clausura del certamen, argumentando irregularidades en la elecci\u00f3n de la ganadora. Seg\u00fan Villafuerte Ruiz, la joven coronada no cumple con el requisito de ser originaria de Cerritos, como lo establece la convocatoria oficial, lo que ha desatado opiniones encontradas sobre la transparencia y la justicia en el proceso.<\/p>\n<p style=\"text-align: justify;\" align=\"left\">La afectada comparti\u00f3 en redes sociales un mensaje en el que detall\u00f3 que, tras conocer que la ganadora no naci\u00f3 en el municipio, comunic\u00f3 su inconformidad al ayuntamiento. La respuesta de las autoridades fue que residir en Cerritos por al menos dos a\u00f1os es suficiente para considerarla \u201cde aqu\u00ed\u201d. Sin embargo, Villafuerte Ruiz se\u00f1al\u00f3 que este criterio contradice la convocatoria, la cual exige expl\u00edcitamente ser originaria. Este se\u00f1alamiento bien pudo concretarse al exhibir un acta de nacimiento, pero solo se hizo p\u00fablica la denuncia y la convocatoria.<\/p>\n<p style=\"text-align: justify;\" align=\"left\">La inconformidad no es un hecho aislado. Habitantes dijeron que este tipo de irregularidades son recurrentes en casi todos los cert\u00e1menes. Algunos ciudadanos, como M\u00f3nica Alvarado, cuestionaron la pertinencia de continuar con este tipo de concursos, mientras que Amanda Jim\u00e9nez acus\u00f3 a la organizaci\u00f3n de manipular los resultados. Por su parte, Alex Carbajal se\u00f1al\u00f3 que estas pr\u00e1cticas afectan la confianza ciudadana.<\/p>\n<p style=\"text-align: justify;\" align=\"left\">Danniela Uresti, otra comentarista, lament\u00f3 que la emoci\u00f3n por FERECE se haya desvanecido en los \u00faltimos a\u00f1os. Subray\u00f3 que la convocatoria establece claramente la necesidad de ser originaria de Cerritos, pero cuestion\u00f3 si los organizadores revisaron adecuadamente la documentaci\u00f3n de las participantes antes de anunciar a las finalistas. desconfianza.<\/p>\n<p style=\"text-align: justify;\" align=\"left\">Villafuerte Ruiz enfatiz\u00f3 que su retiro no busca una corona, sino justicia y coherencia. \u201cNo quiero que m\u00e1s ni\u00f1as vivan lo que yo viv\u00ed. Deseo que estas experiencias se vivan con ilusi\u00f3n y transparencia\u201d, expres\u00f3.<\/p>\n<p style=\"text-align: justify;\" align=\"left\">As\u00ed las cosas, otra persona acudi\u00f3 en representaci\u00f3n de la inconforme a recoger el premio. No se ha dicho si se tomaron medidas respecto al resultado.<\/p>\n","protected":false},"excerpt":{"rendered":"<p>El certamen de belleza FERECE 2025 desat\u00f3 pol\u00e9mica como casi siempre ha sucedido.<\/p>\n","protected":false},"author":5,"featured_media":21517,"comment_status":"closed","ping_status":"open","sticky":false,"template":"","format":"standard","meta":{"footnotes":""},"categories":[3,484,485],"tags":[],"class_list":["post-21516","post","type-post","status-publish","format-standard","has-post-thumbnail","hentry","category-cerritos","category-espectaculos","category-sociales","entry","simple"],"_links":{"self":[{"href":"https:\/\/www.plurinominal.com.mx\/index.php?rest_route=\/wp\/v2\/posts\/21516","targetHints":{"allow":["GET"]}}],"collection":[{"href":"https:\/\/www.plurinominal.com.mx\/index.php?rest_route=\/wp\/v2\/posts"}],"about":[{"href":"https:\/\/www.plurinominal.com.mx\/index.php?rest_route=\/wp\/v2\/types\/post"}],"author":[{"embeddable":true,"href":"https:\/\/www.plurinominal.com.mx\/index.php?rest_route=\/wp\/v2\/users\/5"}],"replies":[{"embeddable":true,"href":"https:\/\/www.plurinominal.com.mx\/index.php?rest_route=%2Fwp%2Fv2%2Fcomments&post=21516"}],"version-history":[{"count":1,"href":"https:\/\/www.plurinominal.com.mx\/index.php?rest_route=\/wp\/v2\/posts\/21516\/revisions"}],"predecessor-version":[{"id":21518,"href":"https:\/\/www.plurinominal.com.mx\/index.php?rest_route=\/wp\/v2\/posts\/21516\/revisions\/21518"}],"wp:featuredmedia":[{"embeddable":true,"href":"https:\/\/www.plurinominal.com.mx\/index.php?rest_route=\/wp\/v2\/media\/21517"}],"wp:attachment":[{"href":"https:\/\/www.plurinominal.com.mx\/index.php?rest_route=%2Fwp%2Fv2%2Fmedia&parent=21516"}],"wp:term":[{"taxonomy":"category","embeddable":true,"href":"https:\/\/www.plurinominal.com.mx\/index.php?rest_route=%2Fwp%2Fv2%2Fcategories&post=21516"},{"taxonomy":"post_tag","embeddable":true,"href":"https:\/\/www.plurinominal.com.mx\/index.php?rest_route=%2Fwp%2Fv2%2Ftags&post=21516"}],"curies":[{"name":"wp","href":"https:\/\/api.w.org\/{rel}","templated":true}]}}