{"id":21570,"date":"2025-08-15T09:28:31","date_gmt":"2025-08-15T15:28:31","guid":{"rendered":"https:\/\/www.plurinominal.com.mx\/?p=21570"},"modified":"2025-08-26T09:30:31","modified_gmt":"2025-08-26T15:30:31","slug":"cuotas-escolares-agobian-a-familias","status":"publish","type":"post","link":"https:\/\/www.plurinominal.com.mx\/?p=21570","title":{"rendered":"Cuotas escolares agobian a familias"},"content":{"rendered":"<ul>\n<li style=\"text-align: justify;\">Aportaciones voluntarias generan controversia en el regreso a clases<\/li>\n<\/ul>\n<p style=\"text-align: justify;\" align=\"left\"><span style=\"font-size: 10pt; font-family: 'trebuchet ms', geneva, sans-serif;\"><strong>REDACCI\u00d3N.-<\/strong> <\/span>Con el inicio del ciclo escolar 2025-2026 aproxim\u00e1ndose, las familias enfrentan una presi\u00f3n econ\u00f3mica creciente por los gastos asociados al regreso a clases. \u00datiles, uniformes, mochilas y alimentos representan un desembolso significativo, pero las cuotas escolares, presentadas como aportaciones voluntarias, desatan inquietud entre los padres debido a su impacto en el presupuesto familiar y la percepci\u00f3n de obligatoriedad.<\/p>\n<p style=\"text-align: justify;\" align=\"left\">En escuelas p\u00fablicas de nivel b\u00e1sico, los montos solicitados var\u00edan entre 150 y 350 pesos por estudiante. Aunque estas cifras parecen accesibles, la controversia surge cuando algunas escuelas sugieren que el pago es indispensable para garantizar la inscripci\u00f3n o la entrega de documentos. Los padres reportan que estas aportaciones, aunque oficialmente voluntarias, suelen estar acompa\u00f1adas de cierta presi\u00f3n social o administrativa.<\/p>\n<p style=\"text-align: justify;\" align=\"left\">La Secretar\u00eda de Educaci\u00f3n P\u00fablica (SEP) establece en la Ley General de Educaci\u00f3n que las cuotas no son obligatorias y no deben condicionar el acceso a la educaci\u00f3n. Directivos de planteles en la zona media y el altiplano potosino aseguran que los recursos recaudados se destinan a mejoras en infraestructura, como mantenimiento de aulas o adquisici\u00f3n de materiales, y que las cantidades son acordadas por las asociaciones de padres, no por las escuelas.<\/p>\n<p style=\"text-align: justify;\" align=\"left\">En contraste, las escuelas privadas, exigen colegiaturas que superan con creces las aportaciones de los planteles p\u00fablicos. Estas instituciones justifican los costos con base en su prestigio o servicios adicionales, aunque algunas ofrecen becas para aliviar la carga econ\u00f3mica. En casos donde se detecten irregularidades, como el condicionamiento de servicios educativos al pago de cuotas, la SEP exhorta a denunciar al 01 800 288 6688 (TelSEP) o en las oficinas estatales.<\/p>\n<p style=\"text-align: justify;\" align=\"left\">Las encuestas locales reflejan que el gasto escolar impacta fuertemente a las familias, especialmente en hogares con varios hijos. Algunos planteles han implementado un solo pago por familia, beneficiando a quienes tienen m\u00e1s de un estudiante inscrito. A pesar de los esfuerzos por transparentar el uso de estos recursos, la controversia sobre la voluntariedad de las aportaciones persiste.<\/p>\n","protected":false},"excerpt":{"rendered":"<p>Con el inicio del ciclo escolar 2025-2026 aproxim\u00e1ndose, las familias enfrentan una presi\u00f3n econ\u00f3mica creciente por los gastos asociados al regreso a clases. \u00datiles, uniformes, mochilas y alimentos representan un desembolso significativo, pero las cuotas escolares, presentadas como aportaciones voluntarias, desatan inquietud entre los padres debido a su impacto en el presupuesto familiar y la percepci\u00f3n de obligatoriedad.<\/p>\n","protected":false},"author":5,"featured_media":21571,"comment_status":"closed","ping_status":"open","sticky":false,"template":"","format":"standard","meta":{"footnotes":""},"categories":[3,486,6,485,494,482,4],"tags":[],"class_list":["post-21570","post","type-post","status-publish","format-standard","has-post-thumbnail","hentry","category-cerritos","category-educacion","category-guadalcazar","category-sociales","category-villa-de-arista","category-villa-hidalgo","category-villa-juarez","entry","simple"],"_links":{"self":[{"href":"https:\/\/www.plurinominal.com.mx\/index.php?rest_route=\/wp\/v2\/posts\/21570","targetHints":{"allow":["GET"]}}],"collection":[{"href":"https:\/\/www.plurinominal.com.mx\/index.php?rest_route=\/wp\/v2\/posts"}],"about":[{"href":"https:\/\/www.plurinominal.com.mx\/index.php?rest_route=\/wp\/v2\/types\/post"}],"author":[{"embeddable":true,"href":"https:\/\/www.plurinominal.com.mx\/index.php?rest_route=\/wp\/v2\/users\/5"}],"replies":[{"embeddable":true,"href":"https:\/\/www.plurinominal.com.mx\/index.php?rest_route=%2Fwp%2Fv2%2Fcomments&post=21570"}],"version-history":[{"count":1,"href":"https:\/\/www.plurinominal.com.mx\/index.php?rest_route=\/wp\/v2\/posts\/21570\/revisions"}],"predecessor-version":[{"id":21572,"href":"https:\/\/www.plurinominal.com.mx\/index.php?rest_route=\/wp\/v2\/posts\/21570\/revisions\/21572"}],"wp:featuredmedia":[{"embeddable":true,"href":"https:\/\/www.plurinominal.com.mx\/index.php?rest_route=\/wp\/v2\/media\/21571"}],"wp:attachment":[{"href":"https:\/\/www.plurinominal.com.mx\/index.php?rest_route=%2Fwp%2Fv2%2Fmedia&parent=21570"}],"wp:term":[{"taxonomy":"category","embeddable":true,"href":"https:\/\/www.plurinominal.com.mx\/index.php?rest_route=%2Fwp%2Fv2%2Fcategories&post=21570"},{"taxonomy":"post_tag","embeddable":true,"href":"https:\/\/www.plurinominal.com.mx\/index.php?rest_route=%2Fwp%2Fv2%2Ftags&post=21570"}],"curies":[{"name":"wp","href":"https:\/\/api.w.org\/{rel}","templated":true}]}}