{"id":21577,"date":"2025-08-17T22:46:52","date_gmt":"2025-08-18T04:46:52","guid":{"rendered":"https:\/\/www.plurinominal.com.mx\/?p=21577"},"modified":"2025-08-30T22:48:20","modified_gmt":"2025-08-31T04:48:20","slug":"regidores-acusan-exclusion-en-inauguraciones-de-obras-en-villa-hidalgo","status":"publish","type":"post","link":"https:\/\/www.plurinominal.com.mx\/?p=21577","title":{"rendered":"Regidores acusan exclusi\u00f3n en inauguraciones de obras en Villa Hidalgo"},"content":{"rendered":"<ul>\n<li style=\"text-align: justify;\">Se\u00f1alan que la alcaldesa Crystal Alva Venegas concentra el cr\u00e9dito de los proyectos votados en cabildo por opositores<\/li>\n<\/ul>\n<p style=\"text-align: justify;\" align=\"left\"><span style=\"font-size: 10pt; font-family: 'trebuchet ms', geneva, sans-serif;\"><strong>MARCO SERNA.-<\/strong><\/span> Regidores del H. Ayuntamiento de Villa Hidalgo denunciaron sentirse desplazados de los actos oficiales de inauguraci\u00f3n de obras p\u00fablicas, a pesar de que fueron aprobadas por el cabildo en pleno. Aseguran que la presidenta municipal, Crystal Alva Venegas, \u00fanicamente acude acompa\u00f1ada de su esposo, Ismael V\u00e1zquez Rodr\u00edguez, del secretario general y de algunos directores de \u00e1rea, todos identificados con el Partido Verde Ecologista, antes militantes del PAN.<\/p>\n<p style=\"text-align: justify;\" align=\"left\">Los inconformes explicaron que nunca son considerados en las giras ni en los cortes de list\u00f3n, lo que \u2014afirman\u2014 obedece a una estrategia pol\u00edtica para que el cr\u00e9dito de los proyectos se concentre en la alcaldesa y su grupo cercano. \u201cSe supone que nosotros aprobamos las obras, damos el visto bueno, pero al final la presidenta se las adjudica como si fueran logro personal\u201d, expres\u00f3 uno de los regidores consultados.<\/p>\n<p style=\"text-align: justify;\" align=\"left\">Seg\u00fan relataron a Plurinominal, en varias comunidades la poblaci\u00f3n ha preguntado por los regidores, y la presidenta responde que fueron invitados y que no quisieron asistir. Sin embargo, los ediles aseguran que esto es falso, pues en realidad nunca se les notifica de los eventos. \u201cEllos agarran sus tiliches y emprenden la huida sin nosotros\u201d, reproch\u00f3 uno de los quejosos.<\/p>\n<p style=\"text-align: justify;\" align=\"left\">Los regidores de oposici\u00f3n precisaron que en ning\u00fan momento han entorpecido la realizaci\u00f3n de proyectos, pues todos han sido votados de manera institucional. Consideran que la exclusi\u00f3n responde a un inter\u00e9s pol\u00edtico de evitar que sus nombres figuren en los logros municipales, aun cuando forman parte del cuerpo edilicio que aprueba las partidas presupuestales.<\/p>\n<p style=\"text-align: justify;\" align=\"left\">Advirtieron que continuar\u00e1n denunciando p\u00fablicamente este trato diferenciado, ya que, aseguran, la transparencia en la administraci\u00f3n municipal tambi\u00e9n debe reflejarse en el reconocimiento del trabajo del cabildo en conjunto, y no en un uso faccioso de las obras para beneficio pol\u00edtico de un grupo familiar que quiere seguir perpetu\u00e1ndose.<\/p>\n","protected":false},"excerpt":{"rendered":"<p>Regidores de oposici\u00f3n en Villa Hidalgo acusaron a la presidenta Crystal Alva Venegas de excluirlos sistem\u00e1ticamente de las inauguraciones de obras, pese a que fueron aprobadas en cabildo. Se\u00f1alaron que el gobierno municipal busca concentrar el cr\u00e9dito pol\u00edtico \u00fanicamente en el c\u00edrculo cercano de la alcaldesa y que en las comunidades se les ha cuestionado por su ausencia en los actos oficiales.<\/p>\n","protected":false},"author":5,"featured_media":21578,"comment_status":"closed","ping_status":"open","sticky":false,"template":"","format":"standard","meta":{"footnotes":""},"categories":[485,482],"tags":[],"class_list":["post-21577","post","type-post","status-publish","format-standard","has-post-thumbnail","hentry","category-sociales","category-villa-hidalgo","entry","simple"],"_links":{"self":[{"href":"https:\/\/www.plurinominal.com.mx\/index.php?rest_route=\/wp\/v2\/posts\/21577","targetHints":{"allow":["GET"]}}],"collection":[{"href":"https:\/\/www.plurinominal.com.mx\/index.php?rest_route=\/wp\/v2\/posts"}],"about":[{"href":"https:\/\/www.plurinominal.com.mx\/index.php?rest_route=\/wp\/v2\/types\/post"}],"author":[{"embeddable":true,"href":"https:\/\/www.plurinominal.com.mx\/index.php?rest_route=\/wp\/v2\/users\/5"}],"replies":[{"embeddable":true,"href":"https:\/\/www.plurinominal.com.mx\/index.php?rest_route=%2Fwp%2Fv2%2Fcomments&post=21577"}],"version-history":[{"count":1,"href":"https:\/\/www.plurinominal.com.mx\/index.php?rest_route=\/wp\/v2\/posts\/21577\/revisions"}],"predecessor-version":[{"id":21579,"href":"https:\/\/www.plurinominal.com.mx\/index.php?rest_route=\/wp\/v2\/posts\/21577\/revisions\/21579"}],"wp:featuredmedia":[{"embeddable":true,"href":"https:\/\/www.plurinominal.com.mx\/index.php?rest_route=\/wp\/v2\/media\/21578"}],"wp:attachment":[{"href":"https:\/\/www.plurinominal.com.mx\/index.php?rest_route=%2Fwp%2Fv2%2Fmedia&parent=21577"}],"wp:term":[{"taxonomy":"category","embeddable":true,"href":"https:\/\/www.plurinominal.com.mx\/index.php?rest_route=%2Fwp%2Fv2%2Fcategories&post=21577"},{"taxonomy":"post_tag","embeddable":true,"href":"https:\/\/www.plurinominal.com.mx\/index.php?rest_route=%2Fwp%2Fv2%2Ftags&post=21577"}],"curies":[{"name":"wp","href":"https:\/\/api.w.org\/{rel}","templated":true}]}}