{"id":21607,"date":"2025-09-05T15:24:51","date_gmt":"2025-09-05T21:24:51","guid":{"rendered":"https:\/\/www.plurinominal.com.mx\/?p=21607"},"modified":"2025-09-27T15:25:59","modified_gmt":"2025-09-27T21:25:59","slug":"se-acabo-la-tolerancia-a-autos-abandonados-en-cerritos","status":"publish","type":"post","link":"https:\/\/www.plurinominal.com.mx\/?p=21607","title":{"rendered":"Se acab\u00f3 la tolerancia a autos abandonados en Cerritos"},"content":{"rendered":"<ul>\n<li style=\"text-align: justify;\">Reglamento fija 72 horas para evitar el retiro de las unidades<\/li>\n<\/ul>\n<p style=\"text-align: justify;\" align=\"left\"><span style=\"font-size: 10pt; font-family: 'trebuchet ms', geneva, sans-serif;\"><strong>PLURINOMINAL.-<\/strong> <\/span>El Ayuntamiento de Cerritos, a trav\u00e9s de la Direcci\u00f3n de Seguridad P\u00fablica y Tr\u00e1nsito Municipal, inform\u00f3 que comenzar\u00e1 el retiro de veh\u00edculos que permanezcan en estado de abandono en la v\u00eda p\u00fablica. La medida responde a quejas ciudadanas por unidades da\u00f1adas o sin movimiento que generan riesgos y obstruyen la circulaci\u00f3n.<\/p>\n<p style=\"text-align: justify;\" align=\"left\">El Director de Seguridad P\u00fablica y Tr\u00e1nsito, Rub\u00e9n R\u00edos Zapata, se\u00f1al\u00f3 que ya existen reportes de autom\u00f3viles en condici\u00f3n de chatarra o sin propietario visible, como el caso de un carro accidentado que qued\u00f3 \u201cyonqueado\u201d en un bordo desde el fin de semana.<\/p>\n<p style=\"text-align: justify;\" align=\"left\">La dependencia record\u00f3 que el reglamento municipal establece en su Art\u00edculo 63 que los veh\u00edculos en condiciones de chatarra podr\u00e1n ser retirados por la autoridad una vez cumplido un plazo de tres d\u00edas desde el aviso inicial. El Art\u00edculo 149 precisa que una unidad se considera abandonada si permanece m\u00e1s de 72 horas en la v\u00eda p\u00fablica sin reporte de su due\u00f1o ante Tr\u00e1nsito Municipal.<\/p>\n<p style=\"text-align: justify;\" align=\"left\">Asimismo, el Art\u00edculo 98 proh\u00edbe a talleres mec\u00e1nicos y negocios similares utilizar la v\u00eda p\u00fablica como espacio para reparaci\u00f3n de autom\u00f3viles, advirtiendo que, de detectarse esta pr\u00e1ctica, las unidades tambi\u00e9n ser\u00e1n retiradas.<\/p>\n<p style=\"text-align: justify;\" align=\"left\">El Ayuntamiento exhort\u00f3 a los propietarios a atender las notificaciones para evitar sanciones, y reiter\u00f3 que el objetivo de estas acciones es mantener el orden, la seguridad y la libre circulaci\u00f3n en calles y \u00e1reas aleda\u00f1as del municipio.<\/p>\n","protected":false},"excerpt":{"rendered":"<p>En Cerritos, autoridades municipales anunciaron que retirar\u00e1n autos abandonados de la v\u00eda p\u00fablica. El reglamento contempla hasta 72 horas de plazo antes de que la gr\u00faa intervenga. FOTO ILUSTRATIVA.<\/p>\n","protected":false},"author":5,"featured_media":21608,"comment_status":"closed","ping_status":"open","sticky":false,"template":"","format":"standard","meta":{"footnotes":""},"categories":[3,465,485],"tags":[],"class_list":["post-21607","post","type-post","status-publish","format-standard","has-post-thumbnail","hentry","category-cerritos","category-policia-2","category-sociales","entry","simple"],"_links":{"self":[{"href":"https:\/\/www.plurinominal.com.mx\/index.php?rest_route=\/wp\/v2\/posts\/21607","targetHints":{"allow":["GET"]}}],"collection":[{"href":"https:\/\/www.plurinominal.com.mx\/index.php?rest_route=\/wp\/v2\/posts"}],"about":[{"href":"https:\/\/www.plurinominal.com.mx\/index.php?rest_route=\/wp\/v2\/types\/post"}],"author":[{"embeddable":true,"href":"https:\/\/www.plurinominal.com.mx\/index.php?rest_route=\/wp\/v2\/users\/5"}],"replies":[{"embeddable":true,"href":"https:\/\/www.plurinominal.com.mx\/index.php?rest_route=%2Fwp%2Fv2%2Fcomments&post=21607"}],"version-history":[{"count":1,"href":"https:\/\/www.plurinominal.com.mx\/index.php?rest_route=\/wp\/v2\/posts\/21607\/revisions"}],"predecessor-version":[{"id":21609,"href":"https:\/\/www.plurinominal.com.mx\/index.php?rest_route=\/wp\/v2\/posts\/21607\/revisions\/21609"}],"wp:featuredmedia":[{"embeddable":true,"href":"https:\/\/www.plurinominal.com.mx\/index.php?rest_route=\/wp\/v2\/media\/21608"}],"wp:attachment":[{"href":"https:\/\/www.plurinominal.com.mx\/index.php?rest_route=%2Fwp%2Fv2%2Fmedia&parent=21607"}],"wp:term":[{"taxonomy":"category","embeddable":true,"href":"https:\/\/www.plurinominal.com.mx\/index.php?rest_route=%2Fwp%2Fv2%2Fcategories&post=21607"},{"taxonomy":"post_tag","embeddable":true,"href":"https:\/\/www.plurinominal.com.mx\/index.php?rest_route=%2Fwp%2Fv2%2Ftags&post=21607"}],"curies":[{"name":"wp","href":"https:\/\/api.w.org\/{rel}","templated":true}]}}