{"id":21613,"date":"2025-09-12T15:35:22","date_gmt":"2025-09-12T21:35:22","guid":{"rendered":"https:\/\/www.plurinominal.com.mx\/?p=21613"},"modified":"2025-09-27T15:36:54","modified_gmt":"2025-09-27T21:36:54","slug":"supuesto-hallazgo-de-restos-en-villa-juarez-genera-dudas-y-exigencias-de-verdad","status":"publish","type":"post","link":"https:\/\/www.plurinominal.com.mx\/?p=21613","title":{"rendered":"Supuesto hallazgo de restos en Villa Ju\u00e1rez genera dudas y exigencias de verdad"},"content":{"rendered":"<ul>\n<li style=\"text-align: justify;\">Autoridades locales niegan informaci\u00f3n oficial; colectivos acusan falta de transparencia<\/li>\n<\/ul>\n<p style=\"text-align: justify;\" align=\"left\"><span style=\"font-size: 10pt; font-family: 'trebuchet ms', geneva, sans-serif;\"><strong>REDACCI\u00d3N.-<\/strong><\/span> Autoridades de Villa Ju\u00e1rez manifestaron sorpresa ante la informaci\u00f3n difundida en medios nacionales como Milenio, donde se reporta el hallazgo de restos \u00f3seos en el mismo sector donde desapareci\u00f3 el ciudadano estadounidense Paul Jonathan Brown. Fuentes municipales se\u00f1alaron a Plurinominal que, si bien la Comisi\u00f3n Estatal de B\u00fasqueda de Personas ha realizado recorridos en la zona, no se ha observado un operativo fuerte que confirme la versi\u00f3n publicada.<\/p>\n<p style=\"text-align: justify;\" align=\"left\">La presidenta municipal, Lisa Aviga\u00edl Izaguirre Rico, indic\u00f3 que hasta este mi\u00e9rcoles 10, no existe informaci\u00f3n oficial sobre el hallazgo de los restos del estadounidense. Se record\u00f3 tambi\u00e9n que cualquier hallazgo debe pasar por un an\u00e1lisis comparativo de ADN, un proceso que puede tardar semanas, por lo que a\u00fan no es posible confirmar las versiones difundidas.<\/p>\n<p style=\"text-align: justify;\" align=\"left\">El diario Milenio inform\u00f3 que en un predio particular cercano a la cabecera municipal se localizaron restos \u00f3seos correspondientes a al menos cuatro personas, lo que habr\u00eda motivado labores de exhumaci\u00f3n desde la semana pasada. Sin embargo, hasta el cierre de esta edici\u00f3n, ninguna autoridad ha confirmado el hecho.<\/p>\n<p style=\"text-align: justify;\" align=\"left\">En redes sociales, colectivos de b\u00fasqueda como \u201cBuscadoras Cerritos SLP\u201d, exigieron transparencia a la Fiscal\u00eda General del Estado, advirtiendo que la falta de informaci\u00f3n oficial incrementa la incertidumbre y el dolor de las familias. \u201cExigimos verdad y justicia\u201d, publicaron en un comunicado.<\/p>\n<p style=\"text-align: justify;\" align=\"left\">Otra p\u00e1gina, \u201cNo Nos Van a Callar\u201d, acus\u00f3 a la Fiscal\u00eda de ocultar la existencia de una fosa clandestina en Villa Ju\u00e1rez, donde presuntamente podr\u00edan encontrarse los restos de Paul Jonathan Brown, desaparecido en julio. De acuerdo con su versi\u00f3n, el predio contendr\u00eda restos de al menos cuatro v\u00edctimas.<\/p>\n<p style=\"text-align: justify;\" align=\"left\">Familiares de personas desaparecidas permanecen atentos a cualquier informaci\u00f3n oficial, mientras que colectivos y ciudadan\u00eda reclaman claridad en las investigaciones. La Fiscal\u00eda estatal no hab\u00eda emitido postura al cierre de esta edici\u00f3n.<\/p>\n","protected":false},"excerpt":{"rendered":"<p>Mientras colectivos denuncian ocultamiento de informaci\u00f3n sobre presuntos restos hallados en Villa Ju\u00e1rez, autoridades locales afirman no contar con datos oficiales que confirmen la versi\u00f3n difundida en medios nacionales.<\/p>\n","protected":false},"author":5,"featured_media":21614,"comment_status":"closed","ping_status":"open","sticky":false,"template":"","format":"standard","meta":{"footnotes":""},"categories":[485,4],"tags":[],"class_list":["post-21613","post","type-post","status-publish","format-standard","has-post-thumbnail","hentry","category-sociales","category-villa-juarez","entry","simple"],"_links":{"self":[{"href":"https:\/\/www.plurinominal.com.mx\/index.php?rest_route=\/wp\/v2\/posts\/21613","targetHints":{"allow":["GET"]}}],"collection":[{"href":"https:\/\/www.plurinominal.com.mx\/index.php?rest_route=\/wp\/v2\/posts"}],"about":[{"href":"https:\/\/www.plurinominal.com.mx\/index.php?rest_route=\/wp\/v2\/types\/post"}],"author":[{"embeddable":true,"href":"https:\/\/www.plurinominal.com.mx\/index.php?rest_route=\/wp\/v2\/users\/5"}],"replies":[{"embeddable":true,"href":"https:\/\/www.plurinominal.com.mx\/index.php?rest_route=%2Fwp%2Fv2%2Fcomments&post=21613"}],"version-history":[{"count":1,"href":"https:\/\/www.plurinominal.com.mx\/index.php?rest_route=\/wp\/v2\/posts\/21613\/revisions"}],"predecessor-version":[{"id":21615,"href":"https:\/\/www.plurinominal.com.mx\/index.php?rest_route=\/wp\/v2\/posts\/21613\/revisions\/21615"}],"wp:featuredmedia":[{"embeddable":true,"href":"https:\/\/www.plurinominal.com.mx\/index.php?rest_route=\/wp\/v2\/media\/21614"}],"wp:attachment":[{"href":"https:\/\/www.plurinominal.com.mx\/index.php?rest_route=%2Fwp%2Fv2%2Fmedia&parent=21613"}],"wp:term":[{"taxonomy":"category","embeddable":true,"href":"https:\/\/www.plurinominal.com.mx\/index.php?rest_route=%2Fwp%2Fv2%2Fcategories&post=21613"},{"taxonomy":"post_tag","embeddable":true,"href":"https:\/\/www.plurinominal.com.mx\/index.php?rest_route=%2Fwp%2Fv2%2Ftags&post=21613"}],"curies":[{"name":"wp","href":"https:\/\/api.w.org\/{rel}","templated":true}]}}