{"id":21625,"date":"2025-09-20T17:04:32","date_gmt":"2025-09-20T23:04:32","guid":{"rendered":"https:\/\/www.plurinominal.com.mx\/?p=21625"},"modified":"2025-10-02T17:06:29","modified_gmt":"2025-10-02T23:06:29","slug":"panistas-acusan-imposicion-en-dirigencia-municipal","status":"publish","type":"post","link":"https:\/\/www.plurinominal.com.mx\/?p=21625","title":{"rendered":"Panistas acusan imposici\u00f3n en dirigencia municipal"},"content":{"rendered":"<ul>\n<li style=\"text-align: justify;\">Se\u00f1alan que Mar\u00eda Elena Jim\u00e9nez Reyes asumi\u00f3 sin convocatoria abierta ni participaci\u00f3n plena de la militancia<\/li>\n<\/ul>\n<p style=\"text-align: justify;\" align=\"left\"><span style=\"font-family: 'trebuchet ms', geneva, sans-serif;\"><strong><span style=\"font-size: 10pt;\">PLURINOMINAL.-<\/span><\/strong><\/span> En Cerritos, el Partido Acci\u00f3n Nacional enfrenta una nueva ola de inconformidad interna luego de que Mar\u00eda Elena Jim\u00e9nez Reyes, actual regidora, asumiera nuevamente la dirigencia del Comit\u00e9 Directivo Municipal sin contar con el 100 por ciento de la militancia empadronada y sin convocatoria abierta, seg\u00fan denunciaron a Plurinominal algunos panistas locales.<\/p>\n<p style=\"text-align: justify;\" align=\"left\">De acuerdo con las voces inconformes, la asamblea no fue notificada p\u00fablicamente ni se enviaron invitaciones a todos los miembros, lo que ha generado se\u00f1alamientos de exclusi\u00f3n y de un proceso interno manejado \u00fanicamente entre un reducido grupo af\u00edn a la dirigente. \u201cEl partido est\u00e1 secuestrado por unos cuantos, en vez de abrirse a la democracia interna\u201d, expresaron militantes en entrevista con la prensa local.<\/p>\n<p style=\"text-align: justify;\" align=\"left\">Los se\u00f1alamientos contrastan con la postura oficial del PAN a nivel estatal, donde se presume un proceso de renovaci\u00f3n de estructuras como parte de la estrategia rumbo a las elecciones de 2027. El 14 de septiembre concluy\u00f3 el registro de planillas para la renovaci\u00f3n de los Comit\u00e9s Directivos Municipales, lo que dio paso al inicio de asambleas en distintos municipios, sin embargo, en Cerritos no hubo informaci\u00f3n clara sobre el procedimiento ni sobre posibles contendientes.<\/p>\n<p style=\"text-align: justify;\" align=\"left\">Mientras en otros municipios se llevan a cabo registros p\u00fablicos y cursos de capacitaci\u00f3n para fortalecer liderazgos, en Cerritos se repiten los mismos nombres y persisten las quejas de falta de trabajo partidista. En este contexto, los panistas cr\u00edticos advierten que, en lugar de sumar, el partido sigue perdiendo presencia y militancia, lo que se refleja en la alianza con el PRI y en una estructura cada vez m\u00e1s debilitada.<\/p>\n<p style=\"text-align: justify;\" align=\"left\">Por su parte, Ver\u00f3nica Rodr\u00edguez, presidenta estatal del PAN, ha se\u00f1alado que la renovaci\u00f3n es clave para fortalecer la cercan\u00eda con la ciudadan\u00eda, atraer nuevos perfiles y dar espacio a voces j\u00f3venes. No obstante, los militantes cerritenses inconformes sostienen que la dirigencia local responde m\u00e1s a intereses de grupo que a un verdadero proceso democr\u00e1tico.<\/p>\n<p style=\"text-align: justify;\" align=\"left\">La Asamblea Estatal del partido est\u00e1 prevista para octubre, donde se elegir\u00e1n consejeros estatales, pero en Cerritos la militancia asegura que la falta de transparencia y la perpetuaci\u00f3n de liderazgos son se\u00f1ales claras de decadencia interna.<\/p>\n","protected":false},"excerpt":{"rendered":"<p>Mar\u00eda Elena Jim\u00e9nez Reyes, actual regidora, es acusada de asumir nuevamente la dirigencia del Comit\u00e9 Directivo Municipal sin contar con el 100 por ciento de la militancia empadronada y sin convocatoria abierta, seg\u00fan denunciaron a Plurinominal algunos panistas locales.<\/p>\n","protected":false},"author":5,"featured_media":21626,"comment_status":"closed","ping_status":"open","sticky":false,"template":"","format":"standard","meta":{"footnotes":""},"categories":[3,463,485],"tags":[],"class_list":["post-21625","post","type-post","status-publish","format-standard","has-post-thumbnail","hentry","category-cerritos","category-politica","category-sociales","entry","simple"],"_links":{"self":[{"href":"https:\/\/www.plurinominal.com.mx\/index.php?rest_route=\/wp\/v2\/posts\/21625","targetHints":{"allow":["GET"]}}],"collection":[{"href":"https:\/\/www.plurinominal.com.mx\/index.php?rest_route=\/wp\/v2\/posts"}],"about":[{"href":"https:\/\/www.plurinominal.com.mx\/index.php?rest_route=\/wp\/v2\/types\/post"}],"author":[{"embeddable":true,"href":"https:\/\/www.plurinominal.com.mx\/index.php?rest_route=\/wp\/v2\/users\/5"}],"replies":[{"embeddable":true,"href":"https:\/\/www.plurinominal.com.mx\/index.php?rest_route=%2Fwp%2Fv2%2Fcomments&post=21625"}],"version-history":[{"count":1,"href":"https:\/\/www.plurinominal.com.mx\/index.php?rest_route=\/wp\/v2\/posts\/21625\/revisions"}],"predecessor-version":[{"id":21627,"href":"https:\/\/www.plurinominal.com.mx\/index.php?rest_route=\/wp\/v2\/posts\/21625\/revisions\/21627"}],"wp:featuredmedia":[{"embeddable":true,"href":"https:\/\/www.plurinominal.com.mx\/index.php?rest_route=\/wp\/v2\/media\/21626"}],"wp:attachment":[{"href":"https:\/\/www.plurinominal.com.mx\/index.php?rest_route=%2Fwp%2Fv2%2Fmedia&parent=21625"}],"wp:term":[{"taxonomy":"category","embeddable":true,"href":"https:\/\/www.plurinominal.com.mx\/index.php?rest_route=%2Fwp%2Fv2%2Fcategories&post=21625"},{"taxonomy":"post_tag","embeddable":true,"href":"https:\/\/www.plurinominal.com.mx\/index.php?rest_route=%2Fwp%2Fv2%2Ftags&post=21625"}],"curies":[{"name":"wp","href":"https:\/\/api.w.org\/{rel}","templated":true}]}}