{"id":21632,"date":"2025-10-06T17:05:30","date_gmt":"2025-10-06T23:05:30","guid":{"rendered":"https:\/\/www.plurinominal.com.mx\/?p=21632"},"modified":"2025-10-06T17:05:30","modified_gmt":"2025-10-06T23:05:30","slug":"panistas-exigen-procesos-abiertos","status":"publish","type":"post","link":"https:\/\/www.plurinominal.com.mx\/?p=21632","title":{"rendered":"Panistas exigen procesos abiertos"},"content":{"rendered":"<ul>\n<li style=\"text-align: justify;\">Lamentaron que la falta de apertura y los conflictos internos hayan debilitado estructura del partido en los \u00faltimos a\u00f1os<\/li>\n<\/ul>\n<p style=\"text-align: justify;\" align=\"left\"><span style=\"font-size: 10pt; font-family: 'trebuchet ms', geneva, sans-serif;\"><strong>PLURINOMINAL.-<\/strong><\/span> Un grupo de militantes del Partido Acci\u00f3n Nacional (PAN) en Cerritos manifest\u00f3 su inconformidad por lo que consideran una imposici\u00f3n en la dirigencia del Comit\u00e9 Municipal. Se\u00f1alaron que Mar\u00eda Elena Jim\u00e9nez Reyes asumi\u00f3 el cargo sin que existiera convocatoria abierta ni un proceso en el que participara plenamente la militancia.<\/p>\n<p style=\"text-align: justify;\" align=\"left\">Al respecto, panistas de vieja guardia recordaron que el partido en este municipio se consolid\u00f3 gracias al esfuerzo de ciudadanos que lo impulsaron desde sus or\u00edgenes, pero lamentaron que la falta de apertura y los conflictos internos hayan debilitado su estructura en los \u00faltimos a\u00f1os. \u201cLa militancia merece respeto y procesos democr\u00e1ticos, no decisiones tomadas de manera unilateral\u201d, expresaron.<\/p>\n<p style=\"text-align: justify;\" align=\"left\">Entre las cr\u00edticas vertidas, algunos militantes acusaron a Jim\u00e9nez Reyes de haber dejado inconclusa su gesti\u00f3n anterior, cuando fungi\u00f3 como autoridad municipal, adem\u00e1s de se\u00f1alarla de pr\u00e1cticas que afectaron la imagen del partido. Exigieron que el PAN en Cerritos retome sus principios de participaci\u00f3n y democracia interna.<\/p>\n<p style=\"text-align: justify;\" align=\"left\">No obstante, otro sector de la militancia cerritense manifest\u00f3 respaldo a la actual regidora, argumentando que ha demostrado trabajo y presencia pol\u00edtica en contraste con otras dirigencias que, seg\u00fan dijeron, permanecieron inactivas. Este grupo considera que su continuidad puede dar estabilidad al comit\u00e9 municipal.<\/p>\n<p style=\"text-align: justify;\" align=\"left\">De cara a las pr\u00f3ximas elecciones, las voces al interior del PAN en Cerritos reflejan la divisi\u00f3n que persiste en el partido.<\/p>\n","protected":false},"excerpt":{"rendered":"<p>Militantes del PAN en Cerritos expresaron posturas encontradas: un bloque acus\u00f3 imposici\u00f3n en la designaci\u00f3n de Mar\u00eda Elena Jim\u00e9nez Reyes, mientras otro sector defendi\u00f3 su permanencia al frente del comit\u00e9 municipal.<\/p>\n","protected":false},"author":5,"featured_media":21626,"comment_status":"closed","ping_status":"open","sticky":false,"template":"","format":"standard","meta":{"footnotes":""},"categories":[3,463,485],"tags":[],"class_list":["post-21632","post","type-post","status-publish","format-standard","has-post-thumbnail","hentry","category-cerritos","category-politica","category-sociales","entry","simple"],"_links":{"self":[{"href":"https:\/\/www.plurinominal.com.mx\/index.php?rest_route=\/wp\/v2\/posts\/21632","targetHints":{"allow":["GET"]}}],"collection":[{"href":"https:\/\/www.plurinominal.com.mx\/index.php?rest_route=\/wp\/v2\/posts"}],"about":[{"href":"https:\/\/www.plurinominal.com.mx\/index.php?rest_route=\/wp\/v2\/types\/post"}],"author":[{"embeddable":true,"href":"https:\/\/www.plurinominal.com.mx\/index.php?rest_route=\/wp\/v2\/users\/5"}],"replies":[{"embeddable":true,"href":"https:\/\/www.plurinominal.com.mx\/index.php?rest_route=%2Fwp%2Fv2%2Fcomments&post=21632"}],"version-history":[{"count":1,"href":"https:\/\/www.plurinominal.com.mx\/index.php?rest_route=\/wp\/v2\/posts\/21632\/revisions"}],"predecessor-version":[{"id":21633,"href":"https:\/\/www.plurinominal.com.mx\/index.php?rest_route=\/wp\/v2\/posts\/21632\/revisions\/21633"}],"wp:featuredmedia":[{"embeddable":true,"href":"https:\/\/www.plurinominal.com.mx\/index.php?rest_route=\/wp\/v2\/media\/21626"}],"wp:attachment":[{"href":"https:\/\/www.plurinominal.com.mx\/index.php?rest_route=%2Fwp%2Fv2%2Fmedia&parent=21632"}],"wp:term":[{"taxonomy":"category","embeddable":true,"href":"https:\/\/www.plurinominal.com.mx\/index.php?rest_route=%2Fwp%2Fv2%2Fcategories&post=21632"},{"taxonomy":"post_tag","embeddable":true,"href":"https:\/\/www.plurinominal.com.mx\/index.php?rest_route=%2Fwp%2Fv2%2Ftags&post=21632"}],"curies":[{"name":"wp","href":"https:\/\/api.w.org\/{rel}","templated":true}]}}