{"id":21641,"date":"2025-11-01T15:20:31","date_gmt":"2025-11-01T21:20:31","guid":{"rendered":"https:\/\/www.plurinominal.com.mx\/?p=21641"},"modified":"2025-11-11T15:22:27","modified_gmt":"2025-11-11T21:22:27","slug":"negligencia-en-secundaria-tecnica-agropecuaria-provoca-el-retiro-de-alumno","status":"publish","type":"post","link":"https:\/\/www.plurinominal.com.mx\/?p=21641","title":{"rendered":"Negligencia en Secundaria T\u00e9cnica Agropecuaria provoca el retiro de alumno"},"content":{"rendered":"<ul>\n<li style=\"text-align: justify;\">Padre de familia denuncia a profesores de apicultura y pecuaria por mal manejo de enjambre de abejas y condiciones deplorables en el plantel<\/li>\n<\/ul>\n<p style=\"text-align: justify;\" align=\"left\"><span style=\"font-size: 10pt; font-family: 'trebuchet ms', geneva, sans-serif;\"><strong>Por BETO GUERRERO.- <\/strong><\/span>Una alarmante denuncia ha llegado a la redacci\u00f3n del peri\u00f3dico Plurinominal, poniendo en tela de juicio la calidad educativa y la seguridad en la Secundaria T\u00e9cnica Agropecuaria n\u00famero 11. El se\u00f1or Juan Carlos Rodr\u00edguez Carbajal, padre de un estudiante, ha manifestado su profunda preocupaci\u00f3n y su inminente decisi\u00f3n de retirar a su hijo del plantel, argumentando negligencia por parte del personal docente y una falta de conocimientos b\u00e1sicos en las \u00e1reas agropecuarias que se supone deben impartir.<\/p>\n<p style=\"text-align: justify;\" align=\"left\">El detonante de la queja ocurri\u00f3 el pasado domingo 26 de octubre, cuando su hijo y otro compa\u00f1ero, quienes estaban de guardia para el cuidado y alimentaci\u00f3n de un par de cerdos y unos pollitos, se vieron obligados a ingresar al plantel de una manera sumamente peligrosa. De acuerdo con la narraci\u00f3n de Rodr\u00edguez Carbajal, el subdirector de la escuela, profesor Juan Carlos, instruy\u00f3 a los j\u00f3venes a \u00abbrincar\u00bb la barda para acceder al interior, ya que la entrada principal estaba bloqueada. La raz\u00f3n del impedimento era la presencia de un copioso enjambre de abejas que hab\u00eda invadido el acceso, exponiendo a los estudiantes a sufrir un accidente o ataque al\u00e9rgico grave.<\/p>\n<p style=\"text-align: justify;\" align=\"left\">La situaci\u00f3n se agrava al detallar el manejo irresponsable del enjambre por parte de los profesores. El se\u00f1or Rodr\u00edguez Carbajal cuestiona la capacidad t\u00e9cnica del profesor de apicultura, identificado como Edgar D\u00e1valos, quien, en lugar de manejar el enjambre profesionalmente, opt\u00f3 por una soluci\u00f3n dr\u00e1stica y nociva: la aplicaci\u00f3n de insecticida y, posteriormente, cubrir la entrada con cemento. Esta acci\u00f3n no solo demuestra una total ignorancia en el control de plagas, sino que condena a muerte a las abejas que se encontraban en el campo recolectando polen, al regresar y encontrar su \u00abhogar\u00bb clausurado. El quejoso ironiza sobre el nulo conocimiento del docente al intentar despu\u00e9s colocar un caj\u00f3n vac\u00edo para atraer a las abejas restantes, sin percatarse de que una colonia sin reina, la cual hab\u00eda sido exterminada, no se reubicar\u00e1 por s\u00ed sola.<\/p>\n<p style=\"text-align: justify;\" align=\"left\">Los problemas de incompetencia acad\u00e9mica no se limitan al \u00e1rea de apicultura. La queja se extiende al profesor de t\u00e9cnicas de zootecnia o pecuarias, de nombre Pedro (sic), por el manejo inadecuado de las aves. El padre de familia se\u00f1ala que el docente de apicultura carece de la habilidad necesaria para la crianza de abejas, las cuales se pierden cada a\u00f1o. M\u00e1s preocupante a\u00fan resulta el manejo de los porcinos. Se expone que uno de los cerdos es un macho que ya ha alcanzado un tama\u00f1o considerable sin haber sido castrado, un procedimiento que, seg\u00fan el denunciante, debe realizarse cuando los animales son j\u00f3venes para un desarrollo \u00f3ptimo, lo cual es b\u00e1sico en cualquier programa de pecuaria.<\/p>\n<p style=\"text-align: justify;\" align=\"left\">Adicionalmente, se critica la gesti\u00f3n de las \u00e1reas destinadas a la crianza de pollitos. Los animales se encuentran en un espacio totalmente cubierto, con pocos orificios para ventilaci\u00f3n. Se menciona que los alumnos reciben la instrucci\u00f3n de \u00absubir o bajar\u00bb focos para intentar regular la temperatura, cuando lo ideal ser\u00eda disponer de dos zonas diferenciadas, una con luz y otra sin ella, permitiendo que las aves se muevan seg\u00fan perciban fr\u00edo o calor, demostrando un desconocimiento elemental de las necesidades av\u00edcolas.<\/p>\n<p style=\"text-align: justify;\" align=\"left\">Tras exponer estas observaciones directamente al director del plantel, el profesor Alejandro Arriaga Guerrero, en un af\u00e1n por mejorar la calidad educativa \u2014un esfuerzo de colaboraci\u00f3n que afirma haber mantenido durante el a\u00f1o anterior\u2014, la respuesta recibida fue que su personal estaba plenamente calificado. Ante esta negativa a reconocer y corregir las deficiencias, el se\u00f1or Rodr\u00edguez Carbajal ha tomado la firme determinaci\u00f3n de tomar al director por la palabra y sacar a su hijo de la instituci\u00f3n. Ha decidido trasladarlo a la Secundaria T\u00e9cnica Agropecuaria n\u00famero 27 en el municipio vecino de Villa Ju\u00e1rez, un lugar que, seg\u00fan sus palabras, goza de una reputaci\u00f3n de excelencia en la ense\u00f1anza agropecuaria.<\/p>\n","protected":false},"excerpt":{"rendered":"<p>La carta enviada al medio Plurinominal por Juan Carlos Rodr\u00edguez Carbajal detalla una serie de presuntas irregularidades en la Secundaria T\u00e9cnica Agropecuaria n\u00famero 11, que incluyen la instrucci\u00f3n del subdirector a alumnos de saltar una barda por la presencia de un enjambre de abejas. El padre de familia tambi\u00e9n cuestiona la pericia de los profesores de apicultura y pecuarias, quienes habr\u00edan actuado negligentemente al exterminar el enjambre con insecticida y al no castrar a uno de los cerdos a su cargo. La gravedad de las fallas ha motivado al poblador a cambiar a su hijo de escuela, buscando una educaci\u00f3n de mayor calidad en el municipio de Villa Ju\u00e1rez.<\/p>\n","protected":false},"author":5,"featured_media":21642,"comment_status":"closed","ping_status":"open","sticky":false,"template":"","format":"standard","meta":{"footnotes":""},"categories":[3,486,485],"tags":[],"class_list":["post-21641","post","type-post","status-publish","format-standard","has-post-thumbnail","hentry","category-cerritos","category-educacion","category-sociales","entry","simple"],"_links":{"self":[{"href":"https:\/\/www.plurinominal.com.mx\/index.php?rest_route=\/wp\/v2\/posts\/21641","targetHints":{"allow":["GET"]}}],"collection":[{"href":"https:\/\/www.plurinominal.com.mx\/index.php?rest_route=\/wp\/v2\/posts"}],"about":[{"href":"https:\/\/www.plurinominal.com.mx\/index.php?rest_route=\/wp\/v2\/types\/post"}],"author":[{"embeddable":true,"href":"https:\/\/www.plurinominal.com.mx\/index.php?rest_route=\/wp\/v2\/users\/5"}],"replies":[{"embeddable":true,"href":"https:\/\/www.plurinominal.com.mx\/index.php?rest_route=%2Fwp%2Fv2%2Fcomments&post=21641"}],"version-history":[{"count":1,"href":"https:\/\/www.plurinominal.com.mx\/index.php?rest_route=\/wp\/v2\/posts\/21641\/revisions"}],"predecessor-version":[{"id":21643,"href":"https:\/\/www.plurinominal.com.mx\/index.php?rest_route=\/wp\/v2\/posts\/21641\/revisions\/21643"}],"wp:featuredmedia":[{"embeddable":true,"href":"https:\/\/www.plurinominal.com.mx\/index.php?rest_route=\/wp\/v2\/media\/21642"}],"wp:attachment":[{"href":"https:\/\/www.plurinominal.com.mx\/index.php?rest_route=%2Fwp%2Fv2%2Fmedia&parent=21641"}],"wp:term":[{"taxonomy":"category","embeddable":true,"href":"https:\/\/www.plurinominal.com.mx\/index.php?rest_route=%2Fwp%2Fv2%2Fcategories&post=21641"},{"taxonomy":"post_tag","embeddable":true,"href":"https:\/\/www.plurinominal.com.mx\/index.php?rest_route=%2Fwp%2Fv2%2Ftags&post=21641"}],"curies":[{"name":"wp","href":"https:\/\/api.w.org\/{rel}","templated":true}]}}