{"id":21733,"date":"2026-03-14T20:29:11","date_gmt":"2026-03-15T02:29:11","guid":{"rendered":"https:\/\/www.plurinominal.com.mx\/?p=21733"},"modified":"2026-03-14T20:29:11","modified_gmt":"2026-03-15T02:29:11","slug":"villa-de-pozos-invita-a-vivir-la-procesion-de-los-cristos","status":"publish","type":"post","link":"https:\/\/www.plurinominal.com.mx\/?p=21733","title":{"rendered":"Villa de Pozos invita a vivir la Procesi\u00f3n de los Cristos"},"content":{"rendered":"<ul>\n<li style=\"text-align: justify;\">El municipio m\u00e1s joven del pa\u00eds abre sus puertas para mostrar m\u00e1s de 125 a\u00f1os de fe e historia a trav\u00e9s del recorrido \u00abTras las huellas de la fe\u00bb<\/li>\n<\/ul>\n<p align=\"left\"><iframe loading=\"lazy\" title=\"YouTube video player\" src=\"\/\/www.youtube.com\/embed\/e2aJLWHwLSw?si=Z5-_h4kFBt_FZQhL\" width=\"560\" height=\"315\" frameborder=\"0\" allowfullscreen=\"allowfullscreen\"><\/iframe><\/p>\n<p style=\"text-align: justify;\" align=\"left\"><span style=\"font-size: 10pt; font-family: 'trebuchet ms', geneva, sans-serif;\"><strong>PLURINOMINAL.-<\/strong><\/span> Con m\u00e1s de un siglo de tradici\u00f3n, el municipio de Villa de Pozos se prepara para recibir a visitantes y fieles en una de las manifestaciones religiosas potosinas m\u00e1s profundas: la Procesi\u00f3n de los Cristos. Esta celebraci\u00f3n, que une la historia colonial de un antiguo pueblo minero con la devoci\u00f3n familiar, ofrecer\u00e1 este a\u00f1o una experiencia m\u00edstica que resguarda piezas de arte sacro invaluables.<\/p>\n<p style=\"text-align: justify;\" align=\"left\">El programa oficial destaca actividades \u00fanicas desde el Jueves Santo, cuando las im\u00e1genes son \u00abdesclavadas\u00bb de sus cruces para ser veladas en altares dom\u00e9sticos adornados con flor de manzanilla y naranjas. El Viernes Santo, tras la ceremonia de las Siete Palabras en el Templo Parroquial de San Francisco de As\u00eds \u2014construcci\u00f3n que data de 1592\u2014, los Cristos recorren los cuatro cuarteles del municipio: Cruces, Olivos, Aguilares y Casanova, en un ambiente de recogimiento y velas encendidas.<\/p>\n<p style=\"text-align: justify;\" align=\"left\">Como novedad para este ciclo, se present\u00f3 el recorrido \u00abTras las huellas de la fe\u00bb, una actividad gratuita que se realizar\u00e1 todos los s\u00e1bados y domingos de marzo a las 10:00 horas. En este trayecto de aproximadamente dos horas y media, los propios custodios de las im\u00e1genes abren las puertas de sus hogares para compartir historias generacionales y mostrar piezas antiguas, algunas elaboradas en pasta de ca\u00f1a durante el siglo XVII.<\/p>\n<p style=\"text-align: justify;\" align=\"left\">Entre las figuras m\u00e1s emblem\u00e1ticas destaca el Se\u00f1or de Casanova, un Cristo bendecido por Miguel Hidalgo y Costilla, y el Se\u00f1or de Esquipula, cuya devoci\u00f3n tiene ra\u00edces guatemaltecas. El recorrido, que inicia en la parroquia principal, concluye con la visita a cocineras tradicionales del municipio, permitiendo a los asistentes disfrutar de la gastronom\u00eda local mientras se sumergen en una de las tradiciones m\u00e1s vivas de San Luis Potos\u00ed.<\/p>\n<p style=\"text-align: justify;\" align=\"left\">Disfrute de este material exclusivo, donde Plurinominal acudi\u00f3 como invitado especial al recorrido \u00abTras las huellas de la fe\u00bb. El objetivo es incentivar el turismo y preservar nuestras tradiciones potosinas entre todos los seguidores de nuestra p\u00e1gina.<\/p>\n","protected":false},"excerpt":{"rendered":"<p>Disfrute de este material exclusivo, donde Plurinominal acudi\u00f3 como invitado especial al recorrido \u00abTras las huellas de la fe\u00bb. El objetivo es incentivar el turismo y preservar nuestras tradiciones potosinas entre todos los seguidores de nuestra p\u00e1gina.<\/p>\n","protected":false},"author":5,"featured_media":0,"comment_status":"closed","ping_status":"open","sticky":false,"template":"","format":"standard","meta":{"footnotes":""},"categories":[510],"tags":[],"class_list":["post-21733","post","type-post","status-publish","format-standard","hentry","category-estado","entry","simple"],"_links":{"self":[{"href":"https:\/\/www.plurinominal.com.mx\/index.php?rest_route=\/wp\/v2\/posts\/21733","targetHints":{"allow":["GET"]}}],"collection":[{"href":"https:\/\/www.plurinominal.com.mx\/index.php?rest_route=\/wp\/v2\/posts"}],"about":[{"href":"https:\/\/www.plurinominal.com.mx\/index.php?rest_route=\/wp\/v2\/types\/post"}],"author":[{"embeddable":true,"href":"https:\/\/www.plurinominal.com.mx\/index.php?rest_route=\/wp\/v2\/users\/5"}],"replies":[{"embeddable":true,"href":"https:\/\/www.plurinominal.com.mx\/index.php?rest_route=%2Fwp%2Fv2%2Fcomments&post=21733"}],"version-history":[{"count":1,"href":"https:\/\/www.plurinominal.com.mx\/index.php?rest_route=\/wp\/v2\/posts\/21733\/revisions"}],"predecessor-version":[{"id":21735,"href":"https:\/\/www.plurinominal.com.mx\/index.php?rest_route=\/wp\/v2\/posts\/21733\/revisions\/21735"}],"wp:attachment":[{"href":"https:\/\/www.plurinominal.com.mx\/index.php?rest_route=%2Fwp%2Fv2%2Fmedia&parent=21733"}],"wp:term":[{"taxonomy":"category","embeddable":true,"href":"https:\/\/www.plurinominal.com.mx\/index.php?rest_route=%2Fwp%2Fv2%2Fcategories&post=21733"},{"taxonomy":"post_tag","embeddable":true,"href":"https:\/\/www.plurinominal.com.mx\/index.php?rest_route=%2Fwp%2Fv2%2Ftags&post=21733"}],"curies":[{"name":"wp","href":"https:\/\/api.w.org\/{rel}","templated":true}]}}